{"id":142,"date":"2023-10-26T00:00:25","date_gmt":"2023-10-26T00:00:25","guid":{"rendered":"https:\/\/www.cofradiavirgenperegrina.com\/?p=142"},"modified":"2023-11-10T00:02:47","modified_gmt":"2023-11-10T00:02:47","slug":"peregrinos-de-la-parroquia-de-ntra-sra-de-consolacion-en-aznalcollar","status":"publish","type":"post","link":"https:\/\/www.cofradiavirgenperegrina.com\/index.php\/2023\/10\/26\/peregrinos-de-la-parroquia-de-ntra-sra-de-consolacion-en-aznalcollar\/","title":{"rendered":"Peregrinos de la Parroquia de Ntra. Sra. de Consolaci\u00f3n en Aznalc\u00f3llar"},"content":{"rendered":"\n<p>Hoy, tuvimos el honor de recibir a un grupo especial de casi 50 peregrinos de la Parroquia de Ntra. Sra. de Consolaci\u00f3n en Aznalc\u00f3llar (Sevilla). En su emocionante viaje por el Camino de Santiago, estos devotos peregrinos hicieron una parada en nuestro santuario para celebrar una hermosa Misa.<\/p>\n\n\n<div class=\"wp-block-image\">\n<figure class=\"aligncenter size-large is-resized\"><img loading=\"lazy\" decoding=\"async\" width=\"768\" height=\"1024\" src=\"https:\/\/www.cofradiavirgenperegrina.com\/wp-content\/uploads\/2023\/11\/369811010_306868625442888_6222694312494368288_n-768x1024.jpg\" alt=\"\" class=\"wp-image-143\" style=\"width:661px;height:auto\" srcset=\"https:\/\/www.cofradiavirgenperegrina.com\/wp-content\/uploads\/2023\/11\/369811010_306868625442888_6222694312494368288_n-768x1024.jpg 768w, https:\/\/www.cofradiavirgenperegrina.com\/wp-content\/uploads\/2023\/11\/369811010_306868625442888_6222694312494368288_n-225x300.jpg 225w, https:\/\/www.cofradiavirgenperegrina.com\/wp-content\/uploads\/2023\/11\/369811010_306868625442888_6222694312494368288_n-1152x1536.jpg 1152w, https:\/\/www.cofradiavirgenperegrina.com\/wp-content\/uploads\/2023\/11\/369811010_306868625442888_6222694312494368288_n.jpg 1536w\" sizes=\"auto, (max-width: 768px) 100vw, 768px\" \/><\/figure>\n<\/div>\n\n\n<p>Para toda nuestra comunidad fue un recordatorio de que el Camino de Santiago no es solo un recorrido f\u00edsico, sino tambi\u00e9n un viaje espiritual. Este grupo de fieles de Aznalc\u00f3llar nos inspiran con su devoci\u00f3n y su esp\u00edritu de comunidad en esta traves\u00eda.<\/p>\n\n\n<div class=\"wp-block-image\">\n<figure class=\"aligncenter size-large is-resized\"><img loading=\"lazy\" decoding=\"async\" width=\"768\" height=\"1024\" src=\"https:\/\/www.cofradiavirgenperegrina.com\/wp-content\/uploads\/2023\/11\/397335916_306868622109555_1797311505998869524_n-768x1024.jpg\" alt=\"\" class=\"wp-image-144\" style=\"width:711px;height:auto\" srcset=\"https:\/\/www.cofradiavirgenperegrina.com\/wp-content\/uploads\/2023\/11\/397335916_306868622109555_1797311505998869524_n-768x1024.jpg 768w, https:\/\/www.cofradiavirgenperegrina.com\/wp-content\/uploads\/2023\/11\/397335916_306868622109555_1797311505998869524_n-225x300.jpg 225w, https:\/\/www.cofradiavirgenperegrina.com\/wp-content\/uploads\/2023\/11\/397335916_306868622109555_1797311505998869524_n-1152x1536.jpg 1152w, https:\/\/www.cofradiavirgenperegrina.com\/wp-content\/uploads\/2023\/11\/397335916_306868622109555_1797311505998869524_n.jpg 1536w\" sizes=\"auto, (max-width: 768px) 100vw, 768px\" \/><\/figure>\n<\/div>\n\n\n<p>Agradecemos a estos alegres peregrinos por elegir nuestro santuario como parte de su viaje y les deseamos un viaje seguro y lleno de bendiciones en su camino a Santiago. \u00a1Buen Camino!<\/p>\n","protected":false},"excerpt":{"rendered":"<p>Hoy, tuvimos el honor de recibir a un grupo especial de casi 50 peregrinos de la Parroquia de Ntra. Sra. de Consolaci\u00f3n en Aznalc\u00f3llar (Sevilla). En su emocionante viaje por el Camino de Santiago, estos devotos peregrinos hicieron una parada en nuestro santuario para celebrar una hermosa Misa. Para toda nuestra comunidad fue un recordatorio&#8230;<\/p>\n","protected":false},"author":1,"featured_media":143,"comment_status":"closed","ping_status":"closed","sticky":false,"template":"","format":"standard","meta":{"footnotes":""},"categories":[5],"tags":[],"class_list":["post-142","post","type-post","status-publish","format-standard","has-post-thumbnail","hentry","category-noticias"],"_links":{"self":[{"href":"https:\/\/www.cofradiavirgenperegrina.com\/index.php\/wp-json\/wp\/v2\/posts\/142","targetHints":{"allow":["GET"]}}],"collection":[{"href":"https:\/\/www.cofradiavirgenperegrina.com\/index.php\/wp-json\/wp\/v2\/posts"}],"about":[{"href":"https:\/\/www.cofradiavirgenperegrina.com\/index.php\/wp-json\/wp\/v2\/types\/post"}],"author":[{"embeddable":true,"href":"https:\/\/www.cofradiavirgenperegrina.com\/index.php\/wp-json\/wp\/v2\/users\/1"}],"replies":[{"embeddable":true,"href":"https:\/\/www.cofradiavirgenperegrina.com\/index.php\/wp-json\/wp\/v2\/comments?post=142"}],"version-history":[{"count":1,"href":"https:\/\/www.cofradiavirgenperegrina.com\/index.php\/wp-json\/wp\/v2\/posts\/142\/revisions"}],"predecessor-version":[{"id":145,"href":"https:\/\/www.cofradiavirgenperegrina.com\/index.php\/wp-json\/wp\/v2\/posts\/142\/revisions\/145"}],"wp:featuredmedia":[{"embeddable":true,"href":"https:\/\/www.cofradiavirgenperegrina.com\/index.php\/wp-json\/wp\/v2\/media\/143"}],"wp:attachment":[{"href":"https:\/\/www.cofradiavirgenperegrina.com\/index.php\/wp-json\/wp\/v2\/media?parent=142"}],"wp:term":[{"taxonomy":"category","embeddable":true,"href":"https:\/\/www.cofradiavirgenperegrina.com\/index.php\/wp-json\/wp\/v2\/categories?post=142"},{"taxonomy":"post_tag","embeddable":true,"href":"https:\/\/www.cofradiavirgenperegrina.com\/index.php\/wp-json\/wp\/v2\/tags?post=142"}],"curies":[{"name":"wp","href":"https:\/\/api.w.org\/{rel}","templated":true}]}}