{"id":146,"date":"2023-10-20T00:03:36","date_gmt":"2023-10-20T00:03:36","guid":{"rendered":"https:\/\/www.cofradiavirgenperegrina.com\/?p=146"},"modified":"2023-11-10T00:05:20","modified_gmt":"2023-11-10T00:05:20","slug":"grupo-de-30-peregrinos-procedentes-de-polonia","status":"publish","type":"post","link":"https:\/\/www.cofradiavirgenperegrina.com\/index.php\/2023\/10\/20\/grupo-de-30-peregrinos-procedentes-de-polonia\/","title":{"rendered":"Grupo de 30 peregrinos procedentes de Polonia"},"content":{"rendered":"\n<p>Hoy hemos tenido el honor de recibir a un grupo de 30 peregrinos procedentes de Polonia en su camino hacia Santiago de Compostela, optando por la ruta portuguesa.<\/p>\n\n\n<div class=\"wp-block-image\">\n<figure class=\"aligncenter size-large is-resized\"><img loading=\"lazy\" decoding=\"async\" width=\"768\" height=\"1024\" src=\"https:\/\/www.cofradiavirgenperegrina.com\/wp-content\/uploads\/2023\/11\/395277779_304106115719139_4211437978272793478_n-768x1024.jpg\" alt=\"\" class=\"wp-image-147\" style=\"width:707px;height:auto\" srcset=\"https:\/\/www.cofradiavirgenperegrina.com\/wp-content\/uploads\/2023\/11\/395277779_304106115719139_4211437978272793478_n-768x1024.jpg 768w, https:\/\/www.cofradiavirgenperegrina.com\/wp-content\/uploads\/2023\/11\/395277779_304106115719139_4211437978272793478_n-225x300.jpg 225w, https:\/\/www.cofradiavirgenperegrina.com\/wp-content\/uploads\/2023\/11\/395277779_304106115719139_4211437978272793478_n-1152x1536.jpg 1152w, https:\/\/www.cofradiavirgenperegrina.com\/wp-content\/uploads\/2023\/11\/395277779_304106115719139_4211437978272793478_n.jpg 1536w\" sizes=\"auto, (max-width: 768px) 100vw, 768px\" \/><\/figure>\n<\/div>\n\n\n<p>Su visita ha sido un emocionante testimonio de fe y devoci\u00f3n, en la que destac\u00f3 la Eucarist\u00eda que realizacon en nuestro Santuario<\/p>\n\n\n\n<p>El grupo lleg\u00f3 con entusiasmo y alegr\u00eda, portando sus mochilas y con la emblem\u00e1tica concha de peregrino colgando de sus cuellos.<\/p>\n\n\n\n<p>Escogieron la primera hora del d\u00eda para celebrarla, y as\u00ed finalizada la Misa arrancar esta nueva etapa hasta Caldas de Reis.<\/p>\n\n\n<div class=\"wp-block-image\">\n<figure class=\"aligncenter size-large is-resized\"><img loading=\"lazy\" decoding=\"async\" width=\"1024\" height=\"768\" src=\"https:\/\/www.cofradiavirgenperegrina.com\/wp-content\/uploads\/2023\/11\/395242862_304106132385804_5719042542030355982_n-1024x768.jpg\" alt=\"\" class=\"wp-image-148\" style=\"width:684px;height:auto\" srcset=\"https:\/\/www.cofradiavirgenperegrina.com\/wp-content\/uploads\/2023\/11\/395242862_304106132385804_5719042542030355982_n-1024x768.jpg 1024w, https:\/\/www.cofradiavirgenperegrina.com\/wp-content\/uploads\/2023\/11\/395242862_304106132385804_5719042542030355982_n-300x225.jpg 300w, https:\/\/www.cofradiavirgenperegrina.com\/wp-content\/uploads\/2023\/11\/395242862_304106132385804_5719042542030355982_n-768x576.jpg 768w, https:\/\/www.cofradiavirgenperegrina.com\/wp-content\/uploads\/2023\/11\/395242862_304106132385804_5719042542030355982_n-1536x1152.jpg 1536w, https:\/\/www.cofradiavirgenperegrina.com\/wp-content\/uploads\/2023\/11\/395242862_304106132385804_5719042542030355982_n.jpg 2048w\" sizes=\"auto, (max-width: 1024px) 100vw, 1024px\" \/><\/figure>\n<\/div>\n\n\n<p>Los recibimos como a todos con calidez y hospitalidad, honrados de ser parte en este viaje espiritual.<\/p>\n\n\n\n<p>Esperamos que el resto de su viaje sea igual de gratificante y lleno de momentos espirituales. Les deseamos un viaje seguro y bendiciones en su camino hacia Santiago de Compostela. \u00a1Ultreia et Suseia!<\/p>\n","protected":false},"excerpt":{"rendered":"<p>Hoy hemos tenido el honor de recibir a un grupo de 30 peregrinos procedentes de Polonia en su camino hacia Santiago de Compostela, optando por la ruta portuguesa. Su visita ha sido un emocionante testimonio de fe y devoci\u00f3n, en la que destac\u00f3 la Eucarist\u00eda que realizacon en nuestro Santuario El grupo lleg\u00f3 con entusiasmo&#8230;<\/p>\n","protected":false},"author":1,"featured_media":147,"comment_status":"closed","ping_status":"closed","sticky":false,"template":"","format":"standard","meta":{"footnotes":""},"categories":[5],"tags":[],"class_list":["post-146","post","type-post","status-publish","format-standard","has-post-thumbnail","hentry","category-noticias"],"_links":{"self":[{"href":"https:\/\/www.cofradiavirgenperegrina.com\/index.php\/wp-json\/wp\/v2\/posts\/146","targetHints":{"allow":["GET"]}}],"collection":[{"href":"https:\/\/www.cofradiavirgenperegrina.com\/index.php\/wp-json\/wp\/v2\/posts"}],"about":[{"href":"https:\/\/www.cofradiavirgenperegrina.com\/index.php\/wp-json\/wp\/v2\/types\/post"}],"author":[{"embeddable":true,"href":"https:\/\/www.cofradiavirgenperegrina.com\/index.php\/wp-json\/wp\/v2\/users\/1"}],"replies":[{"embeddable":true,"href":"https:\/\/www.cofradiavirgenperegrina.com\/index.php\/wp-json\/wp\/v2\/comments?post=146"}],"version-history":[{"count":1,"href":"https:\/\/www.cofradiavirgenperegrina.com\/index.php\/wp-json\/wp\/v2\/posts\/146\/revisions"}],"predecessor-version":[{"id":149,"href":"https:\/\/www.cofradiavirgenperegrina.com\/index.php\/wp-json\/wp\/v2\/posts\/146\/revisions\/149"}],"wp:featuredmedia":[{"embeddable":true,"href":"https:\/\/www.cofradiavirgenperegrina.com\/index.php\/wp-json\/wp\/v2\/media\/147"}],"wp:attachment":[{"href":"https:\/\/www.cofradiavirgenperegrina.com\/index.php\/wp-json\/wp\/v2\/media?parent=146"}],"wp:term":[{"taxonomy":"category","embeddable":true,"href":"https:\/\/www.cofradiavirgenperegrina.com\/index.php\/wp-json\/wp\/v2\/categories?post=146"},{"taxonomy":"post_tag","embeddable":true,"href":"https:\/\/www.cofradiavirgenperegrina.com\/index.php\/wp-json\/wp\/v2\/tags?post=146"}],"curies":[{"name":"wp","href":"https:\/\/api.w.org\/{rel}","templated":true}]}}