{"id":159,"date":"2023-11-24T07:29:59","date_gmt":"2023-11-24T07:29:59","guid":{"rendered":"https:\/\/www.cofradiavirgenperegrina.com\/?p=159"},"modified":"2023-12-06T07:31:55","modified_gmt":"2023-12-06T07:31:55","slug":"peregrinos-desde-ibiza","status":"publish","type":"post","link":"https:\/\/www.cofradiavirgenperegrina.com\/index.php\/2023\/11\/24\/peregrinos-desde-ibiza\/","title":{"rendered":"Peregrinos desde Ibiza"},"content":{"rendered":"\n<p>Hoy tuvimos la suerte de recibir a un grupo de peregrinos de Ibiza en su camino a Santiago.<\/p>\n\n\n\n<p>Un grupo formado por personas de diferentes edades, pero con un mismo prop\u00f3sito espiritual, han hecho un alto en nuestro Santuario.<\/p>\n\n\n\n<figure class=\"wp-block-gallery has-nested-images columns-default is-cropped wp-block-gallery-1 is-layout-flex wp-block-gallery-is-layout-flex\">\n<figure class=\"wp-block-image size-large\"><img loading=\"lazy\" decoding=\"async\" width=\"1024\" height=\"768\" data-id=\"161\" src=\"https:\/\/www.cofradiavirgenperegrina.com\/wp-content\/uploads\/2023\/12\/404568906_318296010966816_7028472586951987252_n-1024x768.jpg\" alt=\"\" class=\"wp-image-161\" srcset=\"https:\/\/www.cofradiavirgenperegrina.com\/wp-content\/uploads\/2023\/12\/404568906_318296010966816_7028472586951987252_n-1024x768.jpg 1024w, https:\/\/www.cofradiavirgenperegrina.com\/wp-content\/uploads\/2023\/12\/404568906_318296010966816_7028472586951987252_n-300x225.jpg 300w, https:\/\/www.cofradiavirgenperegrina.com\/wp-content\/uploads\/2023\/12\/404568906_318296010966816_7028472586951987252_n-768x576.jpg 768w, https:\/\/www.cofradiavirgenperegrina.com\/wp-content\/uploads\/2023\/12\/404568906_318296010966816_7028472586951987252_n-1536x1152.jpg 1536w, https:\/\/www.cofradiavirgenperegrina.com\/wp-content\/uploads\/2023\/12\/404568906_318296010966816_7028472586951987252_n.jpg 2048w\" sizes=\"auto, (max-width: 1024px) 100vw, 1024px\" \/><\/figure>\n\n\n\n<figure class=\"wp-block-image size-large\"><img loading=\"lazy\" decoding=\"async\" width=\"768\" height=\"1024\" data-id=\"160\" src=\"https:\/\/www.cofradiavirgenperegrina.com\/wp-content\/uploads\/2023\/12\/404546584_318295980966819_4635970587227622645_n-768x1024.jpg\" alt=\"\" class=\"wp-image-160\" srcset=\"https:\/\/www.cofradiavirgenperegrina.com\/wp-content\/uploads\/2023\/12\/404546584_318295980966819_4635970587227622645_n-768x1024.jpg 768w, https:\/\/www.cofradiavirgenperegrina.com\/wp-content\/uploads\/2023\/12\/404546584_318295980966819_4635970587227622645_n-225x300.jpg 225w, https:\/\/www.cofradiavirgenperegrina.com\/wp-content\/uploads\/2023\/12\/404546584_318295980966819_4635970587227622645_n-1152x1536.jpg 1152w, https:\/\/www.cofradiavirgenperegrina.com\/wp-content\/uploads\/2023\/12\/404546584_318295980966819_4635970587227622645_n.jpg 1500w\" sizes=\"auto, (max-width: 768px) 100vw, 768px\" \/><\/figure>\n\n\n\n<figure class=\"wp-block-image size-large\"><img loading=\"lazy\" decoding=\"async\" width=\"768\" height=\"1024\" data-id=\"162\" src=\"https:\/\/www.cofradiavirgenperegrina.com\/wp-content\/uploads\/2023\/12\/404546146_318296074300143_6601109560382986338_n-768x1024.jpg\" alt=\"\" class=\"wp-image-162\" srcset=\"https:\/\/www.cofradiavirgenperegrina.com\/wp-content\/uploads\/2023\/12\/404546146_318296074300143_6601109560382986338_n-768x1024.jpg 768w, https:\/\/www.cofradiavirgenperegrina.com\/wp-content\/uploads\/2023\/12\/404546146_318296074300143_6601109560382986338_n-225x300.jpg 225w, https:\/\/www.cofradiavirgenperegrina.com\/wp-content\/uploads\/2023\/12\/404546146_318296074300143_6601109560382986338_n-1152x1536.jpg 1152w, https:\/\/www.cofradiavirgenperegrina.com\/wp-content\/uploads\/2023\/12\/404546146_318296074300143_6601109560382986338_n.jpg 1536w\" sizes=\"auto, (max-width: 768px) 100vw, 768px\" \/><\/figure>\n<\/figure>\n\n\n\n<p>Celebraron con nosotros una Eucarist\u00eda finalizada la etapa del d\u00eda, que hab\u00eda comenzado 20 kil\u00f3metros atr\u00e1s en Redondela.<\/p>\n\n\n\n<p>\u00a1Que <a><\/a>la Virgen Peregrina os gu\u00ede y acompa\u00f1e en vuestro Camino!<\/p>\n","protected":false},"excerpt":{"rendered":"<p>Hoy tuvimos la suerte de recibir a un grupo de peregrinos de Ibiza en su camino a Santiago. Un grupo formado por personas de diferentes edades, pero con un mismo prop\u00f3sito espiritual, han hecho un alto en nuestro Santuario. Celebraron con nosotros una Eucarist\u00eda finalizada la etapa del d\u00eda, que hab\u00eda comenzado 20 kil\u00f3metros atr\u00e1s&#8230;<\/p>\n","protected":false},"author":1,"featured_media":162,"comment_status":"closed","ping_status":"closed","sticky":false,"template":"","format":"standard","meta":{"footnotes":""},"categories":[5],"tags":[],"class_list":["post-159","post","type-post","status-publish","format-standard","has-post-thumbnail","hentry","category-noticias"],"_links":{"self":[{"href":"https:\/\/www.cofradiavirgenperegrina.com\/index.php\/wp-json\/wp\/v2\/posts\/159","targetHints":{"allow":["GET"]}}],"collection":[{"href":"https:\/\/www.cofradiavirgenperegrina.com\/index.php\/wp-json\/wp\/v2\/posts"}],"about":[{"href":"https:\/\/www.cofradiavirgenperegrina.com\/index.php\/wp-json\/wp\/v2\/types\/post"}],"author":[{"embeddable":true,"href":"https:\/\/www.cofradiavirgenperegrina.com\/index.php\/wp-json\/wp\/v2\/users\/1"}],"replies":[{"embeddable":true,"href":"https:\/\/www.cofradiavirgenperegrina.com\/index.php\/wp-json\/wp\/v2\/comments?post=159"}],"version-history":[{"count":1,"href":"https:\/\/www.cofradiavirgenperegrina.com\/index.php\/wp-json\/wp\/v2\/posts\/159\/revisions"}],"predecessor-version":[{"id":163,"href":"https:\/\/www.cofradiavirgenperegrina.com\/index.php\/wp-json\/wp\/v2\/posts\/159\/revisions\/163"}],"wp:featuredmedia":[{"embeddable":true,"href":"https:\/\/www.cofradiavirgenperegrina.com\/index.php\/wp-json\/wp\/v2\/media\/162"}],"wp:attachment":[{"href":"https:\/\/www.cofradiavirgenperegrina.com\/index.php\/wp-json\/wp\/v2\/media?parent=159"}],"wp:term":[{"taxonomy":"category","embeddable":true,"href":"https:\/\/www.cofradiavirgenperegrina.com\/index.php\/wp-json\/wp\/v2\/categories?post=159"},{"taxonomy":"post_tag","embeddable":true,"href":"https:\/\/www.cofradiavirgenperegrina.com\/index.php\/wp-json\/wp\/v2\/tags?post=159"}],"curies":[{"name":"wp","href":"https:\/\/api.w.org\/{rel}","templated":true}]}}