{"id":164,"date":"2023-12-06T07:33:47","date_gmt":"2023-12-06T07:33:47","guid":{"rendered":"https:\/\/www.cofradiavirgenperegrina.com\/?p=164"},"modified":"2023-12-06T07:33:47","modified_gmt":"2023-12-06T07:33:47","slug":"comienza-el-nuevo-ano-liturgico-y-con-el-el-tiempo-del-adviento","status":"publish","type":"post","link":"https:\/\/www.cofradiavirgenperegrina.com\/index.php\/2023\/12\/06\/comienza-el-nuevo-ano-liturgico-y-con-el-el-tiempo-del-adviento\/","title":{"rendered":"Comienza el nuevo a\u00f1o lit\u00fargico y con \u00e9l, el tiempo del adviento."},"content":{"rendered":"\n<p>Este, en palabras del Papa Francisco, se define como el tiempo con el que preparamos el coraz\u00f3n para acoger a Jes\u00fas.<\/p>\n\n\n\n<p>El Papa subray\u00f3 tambi\u00e9n la importancia de prepararse para acoger a Jes\u00fas no s\u00f3lo en la Navidad, sino en todo momento, ya \u201csea al final de los tiempos, cuando regrese en gloria; ya sea cada d\u00eda, cuando venga a nuestro encuentro en la Eucarist\u00eda, en su Palabra, en nuestros hermanos y hermanas, especialmente en los m\u00e1s necesitados\u201d.<\/p>\n\n\n\n<figure class=\"wp-block-gallery has-nested-images columns-default is-cropped wp-block-gallery-1 is-layout-flex wp-block-gallery-is-layout-flex\">\n<figure class=\"wp-block-image size-large\"><img loading=\"lazy\" decoding=\"async\" width=\"1024\" height=\"937\" data-id=\"166\" src=\"https:\/\/www.cofradiavirgenperegrina.com\/wp-content\/uploads\/2023\/12\/408235968_325750266888057_6194743678072792696_n-1024x937.jpg\" alt=\"\" class=\"wp-image-166\" srcset=\"https:\/\/www.cofradiavirgenperegrina.com\/wp-content\/uploads\/2023\/12\/408235968_325750266888057_6194743678072792696_n-1024x937.jpg 1024w, https:\/\/www.cofradiavirgenperegrina.com\/wp-content\/uploads\/2023\/12\/408235968_325750266888057_6194743678072792696_n-300x274.jpg 300w, https:\/\/www.cofradiavirgenperegrina.com\/wp-content\/uploads\/2023\/12\/408235968_325750266888057_6194743678072792696_n-768x703.jpg 768w, https:\/\/www.cofradiavirgenperegrina.com\/wp-content\/uploads\/2023\/12\/408235968_325750266888057_6194743678072792696_n.jpg 1152w\" sizes=\"auto, (max-width: 1024px) 100vw, 1024px\" \/><\/figure>\n\n\n\n<figure class=\"wp-block-image size-large\"><img loading=\"lazy\" decoding=\"async\" width=\"576\" height=\"1024\" data-id=\"167\" src=\"https:\/\/www.cofradiavirgenperegrina.com\/wp-content\/uploads\/2023\/12\/408219433_325750296888054_3412595202882934854_n-576x1024.jpg\" alt=\"\" class=\"wp-image-167\" srcset=\"https:\/\/www.cofradiavirgenperegrina.com\/wp-content\/uploads\/2023\/12\/408219433_325750296888054_3412595202882934854_n-576x1024.jpg 576w, https:\/\/www.cofradiavirgenperegrina.com\/wp-content\/uploads\/2023\/12\/408219433_325750296888054_3412595202882934854_n-169x300.jpg 169w, https:\/\/www.cofradiavirgenperegrina.com\/wp-content\/uploads\/2023\/12\/408219433_325750296888054_3412595202882934854_n-768x1365.jpg 768w, https:\/\/www.cofradiavirgenperegrina.com\/wp-content\/uploads\/2023\/12\/408219433_325750296888054_3412595202882934854_n-864x1536.jpg 864w, https:\/\/www.cofradiavirgenperegrina.com\/wp-content\/uploads\/2023\/12\/408219433_325750296888054_3412595202882934854_n.jpg 1152w\" sizes=\"auto, (max-width: 576px) 100vw, 576px\" \/><\/figure>\n\n\n\n<figure class=\"wp-block-image size-large\"><img loading=\"lazy\" decoding=\"async\" width=\"696\" height=\"1024\" data-id=\"165\" src=\"https:\/\/www.cofradiavirgenperegrina.com\/wp-content\/uploads\/2023\/12\/408268309_325750580221359_169698753866831129_n-696x1024.jpg\" alt=\"\" class=\"wp-image-165\" srcset=\"https:\/\/www.cofradiavirgenperegrina.com\/wp-content\/uploads\/2023\/12\/408268309_325750580221359_169698753866831129_n-696x1024.jpg 696w, https:\/\/www.cofradiavirgenperegrina.com\/wp-content\/uploads\/2023\/12\/408268309_325750580221359_169698753866831129_n-204x300.jpg 204w, https:\/\/www.cofradiavirgenperegrina.com\/wp-content\/uploads\/2023\/12\/408268309_325750580221359_169698753866831129_n-768x1129.jpg 768w, https:\/\/www.cofradiavirgenperegrina.com\/wp-content\/uploads\/2023\/12\/408268309_325750580221359_169698753866831129_n-1044x1536.jpg 1044w, https:\/\/www.cofradiavirgenperegrina.com\/wp-content\/uploads\/2023\/12\/408268309_325750580221359_169698753866831129_n.jpg 1088w\" sizes=\"auto, (max-width: 696px) 100vw, 696px\" \/><\/figure>\n<\/figure>\n\n\n\n<p>En el Santuario ya contamos los cuatro domingos de preparaci\u00f3n para el nacimiento de Jes\u00fas con esta corona de adviento. Cada domingo encendemos una vela, que nos lleva a las palabras de Juan: \u201cYo soy la luz del mundo; el que me siga no caminar\u00e1 en la oscuridad, sino que tendr\u00e1 la luz de la vida\u201d.<\/p>\n","protected":false},"excerpt":{"rendered":"<p>Este, en palabras del Papa Francisco, se define como el tiempo con el que preparamos el coraz\u00f3n para acoger a Jes\u00fas. El Papa subray\u00f3 tambi\u00e9n la importancia de prepararse para acoger a Jes\u00fas no s\u00f3lo en la Navidad, sino en todo momento, ya \u201csea al final de los tiempos, cuando regrese en gloria; ya sea&#8230;<\/p>\n","protected":false},"author":1,"featured_media":165,"comment_status":"closed","ping_status":"closed","sticky":false,"template":"","format":"standard","meta":{"footnotes":""},"categories":[5],"tags":[],"class_list":["post-164","post","type-post","status-publish","format-standard","has-post-thumbnail","hentry","category-noticias"],"_links":{"self":[{"href":"https:\/\/www.cofradiavirgenperegrina.com\/index.php\/wp-json\/wp\/v2\/posts\/164","targetHints":{"allow":["GET"]}}],"collection":[{"href":"https:\/\/www.cofradiavirgenperegrina.com\/index.php\/wp-json\/wp\/v2\/posts"}],"about":[{"href":"https:\/\/www.cofradiavirgenperegrina.com\/index.php\/wp-json\/wp\/v2\/types\/post"}],"author":[{"embeddable":true,"href":"https:\/\/www.cofradiavirgenperegrina.com\/index.php\/wp-json\/wp\/v2\/users\/1"}],"replies":[{"embeddable":true,"href":"https:\/\/www.cofradiavirgenperegrina.com\/index.php\/wp-json\/wp\/v2\/comments?post=164"}],"version-history":[{"count":1,"href":"https:\/\/www.cofradiavirgenperegrina.com\/index.php\/wp-json\/wp\/v2\/posts\/164\/revisions"}],"predecessor-version":[{"id":168,"href":"https:\/\/www.cofradiavirgenperegrina.com\/index.php\/wp-json\/wp\/v2\/posts\/164\/revisions\/168"}],"wp:featuredmedia":[{"embeddable":true,"href":"https:\/\/www.cofradiavirgenperegrina.com\/index.php\/wp-json\/wp\/v2\/media\/165"}],"wp:attachment":[{"href":"https:\/\/www.cofradiavirgenperegrina.com\/index.php\/wp-json\/wp\/v2\/media?parent=164"}],"wp:term":[{"taxonomy":"category","embeddable":true,"href":"https:\/\/www.cofradiavirgenperegrina.com\/index.php\/wp-json\/wp\/v2\/categories?post=164"},{"taxonomy":"post_tag","embeddable":true,"href":"https:\/\/www.cofradiavirgenperegrina.com\/index.php\/wp-json\/wp\/v2\/tags?post=164"}],"curies":[{"name":"wp","href":"https:\/\/api.w.org\/{rel}","templated":true}]}}