{"id":208,"date":"2023-01-04T23:54:52","date_gmt":"2023-01-04T23:54:52","guid":{"rendered":"https:\/\/www.cofradiavirgenperegrina.com\/?p=208"},"modified":"2024-02-01T23:57:59","modified_gmt":"2024-02-01T23:57:59","slug":"historia-de-la-cofradia-de-la-virgen-peregrina-de-pontevedra","status":"publish","type":"post","link":"https:\/\/www.cofradiavirgenperegrina.com\/index.php\/2023\/01\/04\/historia-de-la-cofradia-de-la-virgen-peregrina-de-pontevedra\/","title":{"rendered":"HISTORIA DE LA COFRAD\u00cdA DE LA VIRGEN PEREGRINA DE PONTEVEDRA"},"content":{"rendered":"\n<p><strong>La llegada de La Virgen Peregrina<\/strong><\/p>\n\n\n\n<p>Se remonta al\u00a0<strong>siglo XVIII<\/strong>\u00a0en el que, seg\u00fan rezan las cr\u00f3nicas, unos de muchos\u00a0<strong>peregrinos franceses<\/strong>\u00a0que desembarcaron en la que hoy es Bayona (de ah\u00ed el origen franc\u00e9s del nombre de la ciudad gallega), portaban consigo una hermosa imagen de una virgen risue\u00f1a con el ni\u00f1o en brazos que los guiaba y proteg\u00eda en su peregrinar a\u00a0<em>Campus Stellae<\/em>, hoy conocida como Compostela. Los peregrinos franceses dejaron en Pontevedra la\u00a0<strong>advocaci\u00f3n mariana hacia La Virgen Peregrina<\/strong>, actual patrona de la Diputaci\u00f3n de Pontevedra y del Camino Portugu\u00e9s.<\/p>\n\n\n<div class=\"wp-block-image\">\n<figure class=\"alignleft size-full\"><img loading=\"lazy\" decoding=\"async\" width=\"349\" height=\"490\" src=\"https:\/\/www.cofradiavirgenperegrina.com\/wp-content\/uploads\/2024\/02\/virgen_peregrina_16a.jpg\" alt=\"\" class=\"wp-image-209\" srcset=\"https:\/\/www.cofradiavirgenperegrina.com\/wp-content\/uploads\/2024\/02\/virgen_peregrina_16a.jpg 349w, https:\/\/www.cofradiavirgenperegrina.com\/wp-content\/uploads\/2024\/02\/virgen_peregrina_16a-214x300.jpg 214w\" sizes=\"auto, (max-width: 349px) 100vw, 349px\" \/><\/figure>\n<\/div>\n\n\n<p>La imagen iba vestida a la saz\u00f3n de peregrina a Santiago de Compostela, portando el b\u00e1culo como ayuda para su lento peregrinar y como defensa ante posibles enemigos, y del cual colgaba una peque\u00f1a calabaza, en el que el peregrino guardaba el agua o el vino para el camino. Portaba adem\u00e1s el zurr\u00f3n abierto para las escuetas viandas y la omnipresente concha de vieira, que simbolizaba la victoria conseguida por el caminante ya de vuelta de Santiago.<\/p>\n\n\n\n<p><strong>Fundaci\u00f3n de la Cofrad\u00eda de la Virgen Peregrina y or\u00edgenes del Santuario<\/strong><\/p>\n\n\n\n<p>El origen verdadero de la Cofrad\u00eda de la Virgen Peregrina y la llegada de la Virgen Peregrina a Pontevedra es bien distinto de lo que cuenta la leyenda, pero no por ello menos bello. Cuentan las cr\u00f3nicas que en 1753 unos ni\u00f1os del barrio de Nuestra Se\u00f1ora del Camino pidieron al por entonces Arzobispo de Santiago, D. Bartolom\u00e9 Rajoy y Losada, la creaci\u00f3n de una Hermandad dedicada al culto de la Virgen del Camino y, por tanto, bajo la misma advocaci\u00f3n que la titular del templo en el cual tendr\u00eda su sede. Dicha petici\u00f3n fue aceptada -\u00ab<em>por ser un fin santo y devoto<\/em>\u00ab-, el 8 de diciembre de ese mismo a\u00f1o, por el Concejo rector del templo de la Virgen del Camino -hoy desaparecido-, siendo el documento firmado por los Se\u00f1ores Justicia y Regimiento de la Villa de Pontevedra.<\/p>\n\n\n\n<p>El 10 de enero de 1754 se re\u00fane la Junta General de la nueva Hermandad para establecer sus Constituciones y Estatutos, si\u00e9ndole concedido el car\u00e1cter de Congregaci\u00f3n religiosa, en el Decreto del 29 de abril, por el Ordinario Eclesi\u00e1stico Diocesano. Tambi\u00e9n se le concedi\u00f3 el t\u00edtulo de Congregaci\u00f3n Secular, seg\u00fan Real Acuerdo del Reino. Esta Congregaci\u00f3n llevar\u00e1 el nombre de Nuestra Se\u00f1ora del Camino.<\/p>\n\n\n\n<p>Entre los acuerdos que dicha Junta General tom\u00f3, se decidi\u00f3 la admisi\u00f3n como cofrades del por entonces Papa reinante, Benedicto XIV, y de sus sucesores, al por entonces monarca de la corona de Espa\u00f1a, Fernando VI y a la Reina y sus sucesores en la Corona, al Arzobispo de Santiago D. Bartolom\u00e9 Rajoy y Losada y su Provisor D. Antonio de los R\u00edos y a los posteriores sucesores en el Arzobispado de Santiago.<\/p>\n\n\n\n<p>Poco a poco aumenta la devoci\u00f3n a esta imagen, con el l\u00f3gico resultado del incremento de las donaciones y del patrimonio, lo que posibilita que, entre 1758 y 1762, se confeccionen algunos vestidos nuevos para la Virgen y el Ni\u00f1o con pa\u00f1os de seda donados por D\u00aa Sebastiana de Castro Monteagudo, y un rostrillo de plata dorada, con piedras y brillantes engarzados, obra del platero pontevedr\u00e9s Juan Ignacio Carballido. A modo de curiosidad, comentar que las piedras se trajeron de Portugal, y que el coste de la pieza fue de 737 reales.<\/p>\n\n\n\n<p>Durante algunos a\u00f1os la imagen de la Virgen Peregrina -que entonces era conocida como Nuestra Se\u00f1ora del Refugio, Divina Peregrina- fue venerada en el templo de Nuestra Se\u00f1ora del Camino. Cada d\u00eda que pasaba se incrementaba el n\u00famero de fieles que le rend\u00eda culto, hasta el punto de surgir desavenencias entre la cofrad\u00eda de la Virgen del Camino, propietaria del templo, y la cofrad\u00eda de la Peregrina, consecuencia natural de tener dos im\u00e1genes con el mismo t\u00edtulo pero con diferente tutela bajo el mismo templo, y que adem\u00e1s celebraban su festividad el mismo d\u00eda.<\/p>\n\n\n\n<p>Por ello la Junta acord\u00f3 que para diferenciar el culto que esta nueva Cofrad\u00eda rend\u00eda del que ya exist\u00eda a la Patrona de la Capilla de la Virgen del Camino, se fijar\u00eda el 21 de noviembre como la fecha de la festividad de la Patrona, fiesta de la Presentaci\u00f3n de la Virgen.<\/p>\n\n\n\n<p>El 8 de diciembre de 1757 como consecuencia de la p\u00e9rdida de fieles al suspenderse las procesiones a causa de la lluvia por celebrarse la festividad casi en pleno invierno, la Junta decide trasladar la festividad de la Virgen al segundo domingo de agosto, fecha que todav\u00eda hoy se mantiene.<\/p>\n\n\n\n<p>En ese mismo a\u00f1o del cambio de la fecha de la celebraci\u00f3n de la fiesta en honor de la patrona, se construye un altar para su imagen y se sit\u00faa en el lado del Evangelio de la nave de la Capilla de la Virgen del Camino. Este altar fue realizado por el artista Gaspar de Canle, contando con las colaboraciones del escultor Alberto Hermida, del carpintero Jos\u00e9 de Bouza -quien realiza el \u00ab<em>guardapolvo de dho colateral y su tablado<\/em>\u00ab- y del cerrajero Tom\u00e1s Buceta, quien realiza las varillas y hacheros del altar. Sobre esas fechas se realiza tambi\u00e9n la corona de plata para la Virgen, obra del platero Francisco L\u00f3pez de la Pe\u00f1a.<\/p>\n\n\n\n<p>A pesar de todos estos cambios para tratar de mitigar los roces y malentendidos entre ambas congregaciones, los enfrentamientos prosiguen y llegan a tal punto, que en 1775 el Regidor de la Villa, D. Benito de Pazos de Prob\u00e9n, por vez Decano y Tesorero de la Capilla, proh\u00edbe a la Congregaci\u00f3n de la Peregrina seguir pidiendo limosnas \u00ab<em>prettestando qe siendo la Ymagen del Santuario y la de la Congregaci\u00f3n de un mismo titulo se empattaban o ympedian la Limosna la una a la ottra, y que por esto podia Deca\u00e8r la fabrica o erario del Santuario e ymagen antiguas<\/em>\u00ab.<\/p>\n\n\n\n<p>Para evitar que la nueva imagen siguiese manteniendo el mismo t\u00edtulo que la del templo que la alojaba, la Junta se reunir\u00e1 el 21 de abril de 1776 acordando cambiar el t\u00edtulo de su Patrona por el de&nbsp;<strong>Mar\u00eda Sant\u00edsima del Refugio la Divina Peregrina<\/strong>. Esta nueva advocaci\u00f3n pretend\u00eda representar los misterios de las Peregrinaciones de la Virgen, por lo que en el fondo segu\u00eda \u00edntimamente vinculada a la de la Virgen del Camino, protectora de los peregrinos.<\/p>\n\n\n\n<p>Se faculta entonces a dos cofrades, D. Bernardo Joseph de Mier y a D. Tom\u00e1s Precedo, para que en nombre y representaci\u00f3n de la Congregaci\u00f3n, escriban al Guardi\u00e1n del Colegio Seminario de Propaganda Fide de Sahag\u00fan, y soliciten informaci\u00f3n detallada sobre la iconograf\u00eda y culto de la Virgen Peregrina que all\u00ed se veneraba, como se puede leer en la documentaci\u00f3n que a\u00fan se conserva en el Archivo Hist\u00f3rico Provincial de Pontevedra:<\/p>\n\n\n\n<blockquote class=\"wp-block-quote is-layout-flow wp-block-quote-is-layout-flow\">\n<p><em>\u00ab&#8230;solicitando poner estta Congregaci\u00f3n y Sta Imagen como Yjuela de aquella para gozar en quanto sea posible de las Yndulgencias y Prerrogativas que tenga en dho seminario mandando venir la salbe que se le canta para executarlo aqui en los dias que se acostumbra como tambien la novena si la hay&#8230;\u00bb<\/em>.<\/p>\n<\/blockquote>\n\n\n\n<p>El 9 de mayo de ese mismo a\u00f1o de 1776, reciben contestaci\u00f3n a la carta enviada. En dicha respuesta el padre Guardi\u00e1n del Convento Franciscano de Sahag\u00fan de Campos, manifiesta muy buenos deseos pero no env\u00eda estampa ni novena de la Virgen, \u00ab<em>a causa de q. aunq. en varios a\u00f1os se han impreso muchas, oy dia nos hallamos sin una por se\u00f1al y aun sin lamina por averse ya gastado<\/em>\u00ab.<\/p>\n\n\n\n<p>Sin desanimarse por estas dificultades, la Congregaci\u00f3n encarga una imagen de la Virgen Peregrina que es colocada el 9 de agosto de 1776 en su altar de la Capilla de la Virgen del Camino. Esta imagen toma como modelo el proporcionado por el Mayordomo de la Congregaci\u00f3n, D. Bernardo Jos\u00e9 de Mier, quien aporta para ello una estampa bordada de su propiedad de la Virgen Peregrina que se veneraba en Sahag\u00fan.<\/p>\n\n\n\n<p>A pesar de todos estos cambios, los roces y enfrentamientos entre la Congregaci\u00f3n y los responsables del culto de la Capilla de la Virgen del Camino se agravan cuando el Ayuntamiento de la Villa intenta impedir la colocaci\u00f3n de la nueva imagen en su altar y la celebraci\u00f3n de la novena, llegando a prohibir el culto y solicitud de limosnas en nombre de la Virgen Peregrina.<\/p>\n\n\n<div class=\"wp-block-image\">\n<figure class=\"alignright size-full\"><img loading=\"lazy\" decoding=\"async\" width=\"344\" height=\"536\" src=\"https:\/\/www.cofradiavirgenperegrina.com\/wp-content\/uploads\/2024\/02\/peregrina_sin_fuente-1.jpg\" alt=\"\" class=\"wp-image-210\" srcset=\"https:\/\/www.cofradiavirgenperegrina.com\/wp-content\/uploads\/2024\/02\/peregrina_sin_fuente-1.jpg 344w, https:\/\/www.cofradiavirgenperegrina.com\/wp-content\/uploads\/2024\/02\/peregrina_sin_fuente-1-193x300.jpg 193w\" sizes=\"auto, (max-width: 344px) 100vw, 344px\" \/><\/figure>\n<\/div>\n\n\n<p>Finalmente, el 30 de noviembre de 1776, la justicia y el gobierno municipal, por estos y otros motivos, acuerdan que constitu\u00eda un perjuicio para la congregaci\u00f3n de la Virgen del Camino que estuviesen ambas cofrad\u00edas en el mismo templo, y ordenan a la Cofrad\u00eda de la Peregrina que retiren la imagen de la Virgen y el retablo, as\u00ed como los restantes efectos de la Congregaci\u00f3n, del templo de la Virgen del Camino, y que sean reubicados en la iglesia o capilla que m\u00e1s les convenga, llegando a sugerir incluso que utilicen para ello \u00ab<em>algunos de los Baldios de esta Villa<\/em>\u00bb que el Ayuntamiento ten\u00eda por entonces.<\/p>\n\n\n\n<p>As\u00ed pues, el 5 de diciembre de 1776 la directiva de la Cofrad\u00eda de La Virgen Peregrina es notificada por el Ayuntamiento del acuerdo alcanzado. Deciden entonces retirar la imagen del Santuario del Camino en el plazo indicado y trasladarla a una nueva capilla, pidiendo a los Procuradores Generales que les indicasen y concediesen el lugar m\u00e1s apropiado para ello.<\/p>\n\n\n\n<p>La imagen es trasladada entonces a un solar cedido al efecto por el Municipio que est\u00e1 situado a la izquierda de la puerta de Trabancas. En ese solar estaba ubicado el negocio de Alonso Gonz\u00e1lez, uno de los integrantes de la Cofrad\u00eda, el cual consiente ceder su terreno a cambio de su permuta por el situado a la derecha de la mencionada puerta de Trabancas.<\/p>\n\n\n\n<p>Al d\u00eda siguiente de la concesi\u00f3n de este solar, la Cofrad\u00eda comprueba in situ que construir la capilla en ese lugar har\u00eda que \u00e9sta quedase casi pegada a la muralla lo que dificultar\u00eda evitar las infiltraciones de agua del muro y deslucir\u00eda el efecto final del nuevo templo. As\u00ed que solicitan nuevamente al Ayuntamiento que, sin renunciar al solar previamente cedido, se les proporcione tambi\u00e9n otro terreno vecino&nbsp;<em>\u00ab&#8230;Baldio qe estta delante de la Puertta de las trabancass caminando hacia el Rouco: de forma que en \u00e8l se pueda erijir en el modo Posible avittacion a Maria santtisima representtada en su sagrada ymagen en un edificio que pueda Hermosear la enttrada del Pueblo&#8230;\u00bb<\/em>.<\/p>\n\n\n\n<p>El 13 de diciembre el Ayuntamiento contesta afirmativamente a la petici\u00f3n y concede el solar pedido, imponiendo a cambio una serie de condiciones conducentes a mantener las distancias adecuadas con otras obras y caminos ya existentes, a respetar y reparar perpetuamente el&nbsp;<em>\u00abca\u00f1o del agua a la Fuente de la Herreria<\/em>\u00bb por encima del cual tendr\u00eda que ser erigido el nuevo templo y a que en el mismo existan lugares permanentes para la autoridad municipal, como recogen las cr\u00f3nicas de la \u00e9poca:<\/p>\n\n\n\n<blockquote class=\"wp-block-quote is-layout-flow wp-block-quote-is-layout-flow\">\n<p><em>\u00ab&#8230;&#8230;y por cuio reconocimientto unicamente ha de ser obligada a mantener en la Capilla que erijan bancos de la Villa, y estta la presidencia en ella ttodas las Vezes que quisiese asistir a las funziones que en ella se celebren sin que se evidenzie ottra mas paga, y pension.\u00bb<\/em><\/p>\n<\/blockquote>\n\n\n\n<p><br><strong>La Virgen Peregrina en la actualidad.<\/strong><\/p>\n\n\n<div class=\"wp-block-image\">\n<figure class=\"alignright size-full\"><img loading=\"lazy\" decoding=\"async\" width=\"488\" height=\"327\" src=\"https:\/\/www.cofradiavirgenperegrina.com\/wp-content\/uploads\/2024\/02\/vista_desde_herreria.jpg\" alt=\"\" class=\"wp-image-211\" srcset=\"https:\/\/www.cofradiavirgenperegrina.com\/wp-content\/uploads\/2024\/02\/vista_desde_herreria.jpg 488w, https:\/\/www.cofradiavirgenperegrina.com\/wp-content\/uploads\/2024\/02\/vista_desde_herreria-300x200.jpg 300w\" sizes=\"auto, (max-width: 488px) 100vw, 488px\" \/><\/figure>\n<\/div>\n\n\n<p>La devoci\u00f3n fue despertando cada d\u00eda m\u00e1s entre los pontevedreses, hizo crecer la importancia social y religiosa de sus fiestas, de forma tal que ya nadie puede dudar que las festividades de La Peregrina son hoy en d\u00eda las fiestas de Pontevedra, en detrimento de las celebraciones de su patr\u00f3n San Sebasti\u00e1n (20 de Enero) y su patrona, Nuestra Se\u00f1ora de la O (18 de Diciembre); siendo una de las jornadas m\u00e1s emotivas durante estas celebraciones, el d\u00eda de la Ofrenda en el que la Cofrad\u00eda traslada en carroza a la Virgen Peregrina -rodeada de ni\u00f1os, hijos de cofrades- desde el Ayuntamiento (tradicionalmente) hasta el Santuario sede de la Cofrad\u00eda.<\/p>\n\n\n\n<p><br>En la actualidad, el Santuario sigue siendo parada obligatoria para los peregrinos que se dirigen a Compostela por el Camino Portugu\u00e9s a Santiago.<\/p>\n","protected":false},"excerpt":{"rendered":"<p>La llegada de La Virgen Peregrina Se remonta al\u00a0siglo XVIII\u00a0en el que, seg\u00fan rezan las cr\u00f3nicas, unos de muchos\u00a0peregrinos franceses\u00a0que desembarcaron en la que hoy es Bayona (de ah\u00ed el origen franc\u00e9s del nombre de la ciudad gallega), portaban consigo una hermosa imagen de una virgen risue\u00f1a con el ni\u00f1o en brazos que los guiaba&#8230;<\/p>\n","protected":false},"author":1,"featured_media":0,"comment_status":"open","ping_status":"open","sticky":false,"template":"","format":"standard","meta":{"footnotes":""},"categories":[1],"tags":[],"class_list":["post-208","post","type-post","status-publish","format-standard","hentry","category-uncategorized"],"_links":{"self":[{"href":"https:\/\/www.cofradiavirgenperegrina.com\/index.php\/wp-json\/wp\/v2\/posts\/208","targetHints":{"allow":["GET"]}}],"collection":[{"href":"https:\/\/www.cofradiavirgenperegrina.com\/index.php\/wp-json\/wp\/v2\/posts"}],"about":[{"href":"https:\/\/www.cofradiavirgenperegrina.com\/index.php\/wp-json\/wp\/v2\/types\/post"}],"author":[{"embeddable":true,"href":"https:\/\/www.cofradiavirgenperegrina.com\/index.php\/wp-json\/wp\/v2\/users\/1"}],"replies":[{"embeddable":true,"href":"https:\/\/www.cofradiavirgenperegrina.com\/index.php\/wp-json\/wp\/v2\/comments?post=208"}],"version-history":[{"count":1,"href":"https:\/\/www.cofradiavirgenperegrina.com\/index.php\/wp-json\/wp\/v2\/posts\/208\/revisions"}],"predecessor-version":[{"id":212,"href":"https:\/\/www.cofradiavirgenperegrina.com\/index.php\/wp-json\/wp\/v2\/posts\/208\/revisions\/212"}],"wp:attachment":[{"href":"https:\/\/www.cofradiavirgenperegrina.com\/index.php\/wp-json\/wp\/v2\/media?parent=208"}],"wp:term":[{"taxonomy":"category","embeddable":true,"href":"https:\/\/www.cofradiavirgenperegrina.com\/index.php\/wp-json\/wp\/v2\/categories?post=208"},{"taxonomy":"post_tag","embeddable":true,"href":"https:\/\/www.cofradiavirgenperegrina.com\/index.php\/wp-json\/wp\/v2\/tags?post=208"}],"curies":[{"name":"wp","href":"https:\/\/api.w.org\/{rel}","templated":true}]}}