{"id":294,"date":"2024-02-05T07:19:04","date_gmt":"2024-02-05T07:19:04","guid":{"rendered":"https:\/\/www.cofradiavirgenperegrina.com\/?p=294"},"modified":"2024-03-02T07:20:25","modified_gmt":"2024-03-02T07:20:25","slug":"celebramos-en-comunidad-la-fiesta-de-la-presentacion-del-senor","status":"publish","type":"post","link":"https:\/\/www.cofradiavirgenperegrina.com\/index.php\/2024\/02\/05\/celebramos-en-comunidad-la-fiesta-de-la-presentacion-del-senor\/","title":{"rendered":"Celebramos en comunidad la Fiesta de la Presentaci\u00f3n del Se\u00f1or"},"content":{"rendered":"\n<p>Cuarenta d\u00edas despu\u00e9s de nacido, Jes\u00fas fue llevado al templo por Mar\u00eda y Jos\u00e9, un acontecimiento con el que cumplen la ley de Mois\u00e9s y se convierte en un encuentro con el pueblo creyente y gozoso, manifest\u00e1ndose as\u00ed como luz para alumbrar a las naciones y gloria de su pueblo, Israel.<\/p>\n\n\n\n<figure class=\"wp-block-gallery has-nested-images columns-default is-cropped wp-block-gallery-1 is-layout-flex wp-block-gallery-is-layout-flex\">\n<figure class=\"wp-block-image size-large\"><img loading=\"lazy\" decoding=\"async\" width=\"768\" height=\"1024\" data-id=\"295\" src=\"https:\/\/www.cofradiavirgenperegrina.com\/wp-content\/uploads\/2024\/03\/428332225_367644562698627_1706817082212983272_n-768x1024.jpg\" alt=\"\" class=\"wp-image-295\" srcset=\"https:\/\/www.cofradiavirgenperegrina.com\/wp-content\/uploads\/2024\/03\/428332225_367644562698627_1706817082212983272_n-768x1024.jpg 768w, https:\/\/www.cofradiavirgenperegrina.com\/wp-content\/uploads\/2024\/03\/428332225_367644562698627_1706817082212983272_n-225x300.jpg 225w, https:\/\/www.cofradiavirgenperegrina.com\/wp-content\/uploads\/2024\/03\/428332225_367644562698627_1706817082212983272_n-1152x1536.jpg 1152w, https:\/\/www.cofradiavirgenperegrina.com\/wp-content\/uploads\/2024\/03\/428332225_367644562698627_1706817082212983272_n.jpg 1200w\" sizes=\"auto, (max-width: 768px) 100vw, 768px\" \/><\/figure>\n\n\n\n<figure class=\"wp-block-image size-large\"><img loading=\"lazy\" decoding=\"async\" width=\"811\" height=\"540\" data-id=\"292\" src=\"https:\/\/www.cofradiavirgenperegrina.com\/wp-content\/uploads\/2024\/03\/428605244_370958635700553_2531340201431440637_n.jpg\" alt=\"\" class=\"wp-image-292\" srcset=\"https:\/\/www.cofradiavirgenperegrina.com\/wp-content\/uploads\/2024\/03\/428605244_370958635700553_2531340201431440637_n.jpg 811w, https:\/\/www.cofradiavirgenperegrina.com\/wp-content\/uploads\/2024\/03\/428605244_370958635700553_2531340201431440637_n-300x200.jpg 300w, https:\/\/www.cofradiavirgenperegrina.com\/wp-content\/uploads\/2024\/03\/428605244_370958635700553_2531340201431440637_n-768x511.jpg 768w, https:\/\/www.cofradiavirgenperegrina.com\/wp-content\/uploads\/2024\/03\/428605244_370958635700553_2531340201431440637_n-600x400.jpg 600w\" sizes=\"auto, (max-width: 811px) 100vw, 811px\" \/><\/figure>\n<\/figure>\n","protected":false},"excerpt":{"rendered":"<p>Cuarenta d\u00edas despu\u00e9s de nacido, Jes\u00fas fue llevado al templo por Mar\u00eda y Jos\u00e9, un acontecimiento con el que cumplen la ley de Mois\u00e9s y se convierte en un encuentro con el pueblo creyente y gozoso, manifest\u00e1ndose as\u00ed como luz para alumbrar a las naciones y gloria de su pueblo, Israel.<\/p>\n","protected":false},"author":1,"featured_media":295,"comment_status":"closed","ping_status":"closed","sticky":false,"template":"","format":"standard","meta":{"footnotes":""},"categories":[5],"tags":[],"class_list":["post-294","post","type-post","status-publish","format-standard","has-post-thumbnail","hentry","category-noticias"],"_links":{"self":[{"href":"https:\/\/www.cofradiavirgenperegrina.com\/index.php\/wp-json\/wp\/v2\/posts\/294","targetHints":{"allow":["GET"]}}],"collection":[{"href":"https:\/\/www.cofradiavirgenperegrina.com\/index.php\/wp-json\/wp\/v2\/posts"}],"about":[{"href":"https:\/\/www.cofradiavirgenperegrina.com\/index.php\/wp-json\/wp\/v2\/types\/post"}],"author":[{"embeddable":true,"href":"https:\/\/www.cofradiavirgenperegrina.com\/index.php\/wp-json\/wp\/v2\/users\/1"}],"replies":[{"embeddable":true,"href":"https:\/\/www.cofradiavirgenperegrina.com\/index.php\/wp-json\/wp\/v2\/comments?post=294"}],"version-history":[{"count":1,"href":"https:\/\/www.cofradiavirgenperegrina.com\/index.php\/wp-json\/wp\/v2\/posts\/294\/revisions"}],"predecessor-version":[{"id":296,"href":"https:\/\/www.cofradiavirgenperegrina.com\/index.php\/wp-json\/wp\/v2\/posts\/294\/revisions\/296"}],"wp:featuredmedia":[{"embeddable":true,"href":"https:\/\/www.cofradiavirgenperegrina.com\/index.php\/wp-json\/wp\/v2\/media\/295"}],"wp:attachment":[{"href":"https:\/\/www.cofradiavirgenperegrina.com\/index.php\/wp-json\/wp\/v2\/media?parent=294"}],"wp:term":[{"taxonomy":"category","embeddable":true,"href":"https:\/\/www.cofradiavirgenperegrina.com\/index.php\/wp-json\/wp\/v2\/categories?post=294"},{"taxonomy":"post_tag","embeddable":true,"href":"https:\/\/www.cofradiavirgenperegrina.com\/index.php\/wp-json\/wp\/v2\/tags?post=294"}],"curies":[{"name":"wp","href":"https:\/\/api.w.org\/{rel}","templated":true}]}}