{"id":306,"date":"2024-03-08T09:52:55","date_gmt":"2024-03-08T09:52:55","guid":{"rendered":"https:\/\/www.cofradiavirgenperegrina.com\/?p=306"},"modified":"2024-03-24T23:12:31","modified_gmt":"2024-03-24T23:12:31","slug":"visita-grupo-escolar-de-los-corrales-sevilla","status":"publish","type":"post","link":"https:\/\/www.cofradiavirgenperegrina.com\/index.php\/2024\/03\/08\/visita-grupo-escolar-de-los-corrales-sevilla\/","title":{"rendered":"Visita grupo escolar de Los Corrales (Sevilla)"},"content":{"rendered":"\n<p>Ayer recibimos a un grupo de escolares de Los Corrales (Sevilla), concretamente del <a href=\"https:\/\/www.facebook.com\/IESFcoGallardo?__cft__[0]=AZV7nkbhaVIvEhAuJzDzG-9fUC04-lFiLc-H1NlcwqqePqsNXenopYCBJkidd15Si6_Ba8Aa5-PnCLwBNFo65gfK91dDXkJWW8jo-8wHWAMv7skELLw7VcB3-3SNRzz2NZGsloaESYu6T_j_feu7CqZ-j7J1bUdQJbwtSLKldoon6ulRAlIPS7jsJR2SDGsDoM4&amp;__tn__=-]K-R\">IES Francisco Gallardo<\/a> que se encuentran realizando el Camino Portugu\u00e9s a Santiago.<\/p>\n\n\n\n<p>En total m\u00e1s de 20 alumnos con sus profesores viviendo por primera vez la experiencia de peregrinar hacia Compostela.<\/p>\n\n\n\n<figure class=\"wp-block-gallery has-nested-images columns-default is-cropped wp-block-gallery-1 is-layout-flex wp-block-gallery-is-layout-flex\">\n<figure class=\"wp-block-image size-large\"><img loading=\"lazy\" decoding=\"async\" width=\"600\" height=\"450\" data-id=\"307\" src=\"https:\/\/www.cofradiavirgenperegrina.com\/wp-content\/uploads\/2024\/03\/431145349_379595431503540_8349089004340694172_n.jpg\" alt=\"\" class=\"wp-image-307\" srcset=\"https:\/\/www.cofradiavirgenperegrina.com\/wp-content\/uploads\/2024\/03\/431145349_379595431503540_8349089004340694172_n.jpg 600w, https:\/\/www.cofradiavirgenperegrina.com\/wp-content\/uploads\/2024\/03\/431145349_379595431503540_8349089004340694172_n-300x225.jpg 300w\" sizes=\"auto, (max-width: 600px) 100vw, 600px\" \/><\/figure>\n\n\n\n<figure class=\"wp-block-image size-large\"><img loading=\"lazy\" decoding=\"async\" width=\"450\" height=\"600\" data-id=\"308\" src=\"https:\/\/www.cofradiavirgenperegrina.com\/wp-content\/uploads\/2024\/03\/431120329_379595401503543_8181957266073605262_n.jpg\" alt=\"\" class=\"wp-image-308\" srcset=\"https:\/\/www.cofradiavirgenperegrina.com\/wp-content\/uploads\/2024\/03\/431120329_379595401503543_8181957266073605262_n.jpg 450w, https:\/\/www.cofradiavirgenperegrina.com\/wp-content\/uploads\/2024\/03\/431120329_379595401503543_8181957266073605262_n-225x300.jpg 225w\" sizes=\"auto, (max-width: 450px) 100vw, 450px\" \/><\/figure>\n<\/figure>\n\n\n\n<p>Desde nuestra comunidad les agradecemos ese alto en el camino para acompa\u00f1arnos en la eucarist\u00eda, siendo parte de ella leyendo las lecturas y llev\u00e1ndose consigo la bendici\u00f3n de la Virgen <a><\/a>Peregrina, para que les gu\u00ede y guarde cada paso hasta completar el camino.<\/p>\n\n\n\n<p>\u00a1Ultreia et Suseia, Buen camino!<\/p>\n","protected":false},"excerpt":{"rendered":"<p>Ayer recibimos a un grupo de escolares de Los Corrales (Sevilla), concretamente del IES Francisco Gallardo que se encuentran realizando el Camino Portugu\u00e9s a Santiago. En total m\u00e1s de 20 alumnos con sus profesores viviendo por primera vez la experiencia de peregrinar hacia Compostela. Desde nuestra comunidad les agradecemos ese alto en el camino para&#8230;<\/p>\n","protected":false},"author":1,"featured_media":307,"comment_status":"closed","ping_status":"closed","sticky":false,"template":"","format":"standard","meta":{"footnotes":""},"categories":[5],"tags":[],"class_list":["post-306","post","type-post","status-publish","format-standard","has-post-thumbnail","hentry","category-noticias"],"_links":{"self":[{"href":"https:\/\/www.cofradiavirgenperegrina.com\/index.php\/wp-json\/wp\/v2\/posts\/306","targetHints":{"allow":["GET"]}}],"collection":[{"href":"https:\/\/www.cofradiavirgenperegrina.com\/index.php\/wp-json\/wp\/v2\/posts"}],"about":[{"href":"https:\/\/www.cofradiavirgenperegrina.com\/index.php\/wp-json\/wp\/v2\/types\/post"}],"author":[{"embeddable":true,"href":"https:\/\/www.cofradiavirgenperegrina.com\/index.php\/wp-json\/wp\/v2\/users\/1"}],"replies":[{"embeddable":true,"href":"https:\/\/www.cofradiavirgenperegrina.com\/index.php\/wp-json\/wp\/v2\/comments?post=306"}],"version-history":[{"count":1,"href":"https:\/\/www.cofradiavirgenperegrina.com\/index.php\/wp-json\/wp\/v2\/posts\/306\/revisions"}],"predecessor-version":[{"id":309,"href":"https:\/\/www.cofradiavirgenperegrina.com\/index.php\/wp-json\/wp\/v2\/posts\/306\/revisions\/309"}],"wp:featuredmedia":[{"embeddable":true,"href":"https:\/\/www.cofradiavirgenperegrina.com\/index.php\/wp-json\/wp\/v2\/media\/307"}],"wp:attachment":[{"href":"https:\/\/www.cofradiavirgenperegrina.com\/index.php\/wp-json\/wp\/v2\/media?parent=306"}],"wp:term":[{"taxonomy":"category","embeddable":true,"href":"https:\/\/www.cofradiavirgenperegrina.com\/index.php\/wp-json\/wp\/v2\/categories?post=306"},{"taxonomy":"post_tag","embeddable":true,"href":"https:\/\/www.cofradiavirgenperegrina.com\/index.php\/wp-json\/wp\/v2\/tags?post=306"}],"curies":[{"name":"wp","href":"https:\/\/api.w.org\/{rel}","templated":true}]}}