{"id":310,"date":"2024-03-18T23:13:48","date_gmt":"2024-03-18T23:13:48","guid":{"rendered":"https:\/\/www.cofradiavirgenperegrina.com\/?p=310"},"modified":"2024-03-24T23:16:20","modified_gmt":"2024-03-24T23:16:20","slug":"visita-grupo-escolar-del-colegio-safa-grial","status":"publish","type":"post","link":"https:\/\/www.cofradiavirgenperegrina.com\/index.php\/2024\/03\/18\/visita-grupo-escolar-del-colegio-safa-grial\/","title":{"rendered":"Visita grupo escolar del Colegio Safa Grial"},"content":{"rendered":"\n<p>Hemos recibido una nueva visita de un grupo de escolares, se nota que la pronta llegada de la primavera hace que se reactive la afluencia de peregrinos por nuestro Santuario.<\/p>\n\n\n\n<p>En esta ocasi\u00f3n tuvimos la suerte de encontrarnos con el <a href=\"https:\/\/www.facebook.com\/colegiosafagrial?__cft__[0]=AZUh4R1Ky83MFzbGO5K9sJHpniaJ3wi98v1RnyfrL56mndZ4FNs5DZhBa-IEVO9S_G3IoqmoYGHrbXac5ww4orruPCSZpCwqaJlKbPzruyZMkAU8Ponh5qunuHSZFJNq6TapqdFGRc6DizL-VBn_tx29I4jvEiW5GW7nUertOKv7a5fubYvypAaQy9gkFLvooR0&amp;__tn__=-]K-R\">Colegio Safa Grial<\/a>, un numeroso grupo de alumnos que cursan 1\u00ba de bachillerato y que junto a sus profesores se encuentran realizando el Camino de Santiago.<\/p>\n\n\n<div class=\"wp-block-image\">\n<figure class=\"aligncenter size-full\"><img loading=\"lazy\" decoding=\"async\" width=\"526\" height=\"701\" src=\"https:\/\/www.cofradiavirgenperegrina.com\/wp-content\/uploads\/2024\/03\/433588654_385477840915299_7411958916568514969_n.jpg\" alt=\"\" class=\"wp-image-311\" srcset=\"https:\/\/www.cofradiavirgenperegrina.com\/wp-content\/uploads\/2024\/03\/433588654_385477840915299_7411958916568514969_n.jpg 526w, https:\/\/www.cofradiavirgenperegrina.com\/wp-content\/uploads\/2024\/03\/433588654_385477840915299_7411958916568514969_n-225x300.jpg 225w\" sizes=\"auto, (max-width: 526px) 100vw, 526px\" \/><\/figure>\n<\/div>\n\n\n<p>Les agradecemos que se hayan unido a nosotros para celebrar la v\u00edspera de la Festividad de San <a><\/a>Jos\u00e9, siendo adem\u00e1s parte activa en la Eucarist\u00eda leyendo las lecturas.<\/p>\n\n\n\n<p>Que la Virgen Peregrina os acompa\u00f1e y gu\u00ede en vuestro peregrinar a Santiago, y en la vida.<\/p>\n\n\n\n<p>\u00a1Ultreia et Suseia, Buen camino!<\/p>\n","protected":false},"excerpt":{"rendered":"<p>Hemos recibido una nueva visita de un grupo de escolares, se nota que la pronta llegada de la primavera hace que se reactive la afluencia de peregrinos por nuestro Santuario. En esta ocasi\u00f3n tuvimos la suerte de encontrarnos con el Colegio Safa Grial, un numeroso grupo de alumnos que cursan 1\u00ba de bachillerato y que&#8230;<\/p>\n","protected":false},"author":1,"featured_media":311,"comment_status":"closed","ping_status":"closed","sticky":false,"template":"","format":"standard","meta":{"footnotes":""},"categories":[5],"tags":[],"class_list":["post-310","post","type-post","status-publish","format-standard","has-post-thumbnail","hentry","category-noticias"],"_links":{"self":[{"href":"https:\/\/www.cofradiavirgenperegrina.com\/index.php\/wp-json\/wp\/v2\/posts\/310","targetHints":{"allow":["GET"]}}],"collection":[{"href":"https:\/\/www.cofradiavirgenperegrina.com\/index.php\/wp-json\/wp\/v2\/posts"}],"about":[{"href":"https:\/\/www.cofradiavirgenperegrina.com\/index.php\/wp-json\/wp\/v2\/types\/post"}],"author":[{"embeddable":true,"href":"https:\/\/www.cofradiavirgenperegrina.com\/index.php\/wp-json\/wp\/v2\/users\/1"}],"replies":[{"embeddable":true,"href":"https:\/\/www.cofradiavirgenperegrina.com\/index.php\/wp-json\/wp\/v2\/comments?post=310"}],"version-history":[{"count":1,"href":"https:\/\/www.cofradiavirgenperegrina.com\/index.php\/wp-json\/wp\/v2\/posts\/310\/revisions"}],"predecessor-version":[{"id":312,"href":"https:\/\/www.cofradiavirgenperegrina.com\/index.php\/wp-json\/wp\/v2\/posts\/310\/revisions\/312"}],"wp:featuredmedia":[{"embeddable":true,"href":"https:\/\/www.cofradiavirgenperegrina.com\/index.php\/wp-json\/wp\/v2\/media\/311"}],"wp:attachment":[{"href":"https:\/\/www.cofradiavirgenperegrina.com\/index.php\/wp-json\/wp\/v2\/media?parent=310"}],"wp:term":[{"taxonomy":"category","embeddable":true,"href":"https:\/\/www.cofradiavirgenperegrina.com\/index.php\/wp-json\/wp\/v2\/categories?post=310"},{"taxonomy":"post_tag","embeddable":true,"href":"https:\/\/www.cofradiavirgenperegrina.com\/index.php\/wp-json\/wp\/v2\/tags?post=310"}],"curies":[{"name":"wp","href":"https:\/\/api.w.org\/{rel}","templated":true}]}}