{"id":314,"date":"2024-03-28T07:29:00","date_gmt":"2024-03-28T07:29:00","guid":{"rendered":"https:\/\/www.cofradiavirgenperegrina.com\/?p=314"},"modified":"2024-04-16T07:31:22","modified_gmt":"2024-04-16T07:31:22","slug":"monumento-de-semana-santa","status":"publish","type":"post","link":"https:\/\/www.cofradiavirgenperegrina.com\/index.php\/2024\/03\/28\/monumento-de-semana-santa\/","title":{"rendered":"Monumento de Semana Santa"},"content":{"rendered":"\n<p>As\u00ed ha quedado nuestro monumento de Semana Santa donde quedar\u00e1 reservado el Sant\u00edsimo durante el Jueves y Viernes Santo a la espera de la llegada de la Pascua<\/p>\n\n\n<div class=\"wp-block-image\">\n<figure class=\"aligncenter size-full is-resized\"><img loading=\"lazy\" decoding=\"async\" width=\"526\" height=\"701\" src=\"https:\/\/www.cofradiavirgenperegrina.com\/wp-content\/uploads\/2024\/04\/434731473_393126966817053_6766929643951531291_n.jpg\" alt=\"\" class=\"wp-image-315\" style=\"width:460px;height:auto\" srcset=\"https:\/\/www.cofradiavirgenperegrina.com\/wp-content\/uploads\/2024\/04\/434731473_393126966817053_6766929643951531291_n.jpg 526w, https:\/\/www.cofradiavirgenperegrina.com\/wp-content\/uploads\/2024\/04\/434731473_393126966817053_6766929643951531291_n-225x300.jpg 225w\" sizes=\"auto, (max-width: 526px) 100vw, 526px\" \/><\/figure>\n<\/div>\n\n\n<p>\u201cPorque tambi\u00e9n Cristo muri\u00f3 por los pecados una vez por todos, el justo por los injustos, para llevarnos a Dios. \u00c9l fue puesto a muerte en el cuerpo, pero cobr\u00f3 vida por el Esp\u00edritu.\u201d \u2013 1 Pedro 3:18<\/p>\n","protected":false},"excerpt":{"rendered":"<p>As\u00ed ha quedado nuestro monumento de Semana Santa donde quedar\u00e1 reservado el Sant\u00edsimo durante el Jueves y Viernes Santo a la espera de la llegada de la Pascua \u201cPorque tambi\u00e9n Cristo muri\u00f3 por los pecados una vez por todos, el justo por los injustos, para llevarnos a Dios. \u00c9l fue puesto a muerte en el&#8230;<\/p>\n","protected":false},"author":1,"featured_media":315,"comment_status":"closed","ping_status":"closed","sticky":false,"template":"","format":"standard","meta":{"footnotes":""},"categories":[5],"tags":[],"class_list":["post-314","post","type-post","status-publish","format-standard","has-post-thumbnail","hentry","category-noticias"],"_links":{"self":[{"href":"https:\/\/www.cofradiavirgenperegrina.com\/index.php\/wp-json\/wp\/v2\/posts\/314","targetHints":{"allow":["GET"]}}],"collection":[{"href":"https:\/\/www.cofradiavirgenperegrina.com\/index.php\/wp-json\/wp\/v2\/posts"}],"about":[{"href":"https:\/\/www.cofradiavirgenperegrina.com\/index.php\/wp-json\/wp\/v2\/types\/post"}],"author":[{"embeddable":true,"href":"https:\/\/www.cofradiavirgenperegrina.com\/index.php\/wp-json\/wp\/v2\/users\/1"}],"replies":[{"embeddable":true,"href":"https:\/\/www.cofradiavirgenperegrina.com\/index.php\/wp-json\/wp\/v2\/comments?post=314"}],"version-history":[{"count":1,"href":"https:\/\/www.cofradiavirgenperegrina.com\/index.php\/wp-json\/wp\/v2\/posts\/314\/revisions"}],"predecessor-version":[{"id":316,"href":"https:\/\/www.cofradiavirgenperegrina.com\/index.php\/wp-json\/wp\/v2\/posts\/314\/revisions\/316"}],"wp:featuredmedia":[{"embeddable":true,"href":"https:\/\/www.cofradiavirgenperegrina.com\/index.php\/wp-json\/wp\/v2\/media\/315"}],"wp:attachment":[{"href":"https:\/\/www.cofradiavirgenperegrina.com\/index.php\/wp-json\/wp\/v2\/media?parent=314"}],"wp:term":[{"taxonomy":"category","embeddable":true,"href":"https:\/\/www.cofradiavirgenperegrina.com\/index.php\/wp-json\/wp\/v2\/categories?post=314"},{"taxonomy":"post_tag","embeddable":true,"href":"https:\/\/www.cofradiavirgenperegrina.com\/index.php\/wp-json\/wp\/v2\/tags?post=314"}],"curies":[{"name":"wp","href":"https:\/\/api.w.org\/{rel}","templated":true}]}}