{"id":317,"date":"2024-04-01T07:31:29","date_gmt":"2024-04-01T07:31:29","guid":{"rendered":"https:\/\/www.cofradiavirgenperegrina.com\/?p=317"},"modified":"2024-04-16T07:34:04","modified_gmt":"2024-04-16T07:34:04","slug":"virgen-peregrina-con-la-brilat","status":"publish","type":"post","link":"https:\/\/www.cofradiavirgenperegrina.com\/index.php\/2024\/04\/01\/virgen-peregrina-con-la-brilat\/","title":{"rendered":"Virgen Peregrina con la BRILAT"},"content":{"rendered":"\n<p>La BRILAT nos ha hecho legar estas im\u00e1genes donde se puede ver la imagen de la Virgen Peregrina que fue bendecida hace unas semanas en el Santuario, para que les acompa\u00f1ara en una nueva misi\u00f3n, en este caso en Eslovaquia.<\/p>\n\n\n<div class=\"wp-block-image\">\n<figure class=\"aligncenter size-full\"><img loading=\"lazy\" decoding=\"async\" width=\"593\" height=\"395\" src=\"https:\/\/www.cofradiavirgenperegrina.com\/wp-content\/uploads\/2024\/04\/434749283_393236936806056_6886323705819952396_n.jpg\" alt=\"\" class=\"wp-image-318\" srcset=\"https:\/\/www.cofradiavirgenperegrina.com\/wp-content\/uploads\/2024\/04\/434749283_393236936806056_6886323705819952396_n.jpg 593w, https:\/\/www.cofradiavirgenperegrina.com\/wp-content\/uploads\/2024\/04\/434749283_393236936806056_6886323705819952396_n-300x200.jpg 300w\" sizes=\"auto, (max-width: 593px) 100vw, 593px\" \/><\/figure>\n<\/div>\n\n\n<p>Aqu\u00ed podemos ver una ceremonia con el Nuncio Apost\u00f3lico en Eslovaquia, Nicolas Girasoli, que visit\u00f3 a las tropas junto al Obispo de Lest, celebrando la Santa Misa donde la imagen de la Virgen Peregrina ocup\u00f3 un lugar destacado.<\/p>\n\n\n<div class=\"wp-block-image\">\n<figure class=\"aligncenter size-full\"><img loading=\"lazy\" decoding=\"async\" width=\"600\" height=\"450\" src=\"https:\/\/www.cofradiavirgenperegrina.com\/wp-content\/uploads\/2024\/04\/434722832_393236926806057_1813463895983514063_n.jpg\" alt=\"\" class=\"wp-image-319\" srcset=\"https:\/\/www.cofradiavirgenperegrina.com\/wp-content\/uploads\/2024\/04\/434722832_393236926806057_1813463895983514063_n.jpg 600w, https:\/\/www.cofradiavirgenperegrina.com\/wp-content\/uploads\/2024\/04\/434722832_393236926806057_1813463895983514063_n-300x225.jpg 300w\" sizes=\"auto, (max-width: 600px) 100vw, 600px\" \/><\/figure>\n<\/div>\n\n\n<p>Como hicimos en su momento les <a><\/a>volvemos a enviar nuestros mejores deseos para todo el colectivo desplegado all\u00ed, y que la Virgen Peregrina les siga acompa\u00f1ando y cuidando de todos los peligros para que puedan regresar a Espa\u00f1a llenos de gloria.<\/p>\n","protected":false},"excerpt":{"rendered":"<p>La BRILAT nos ha hecho legar estas im\u00e1genes donde se puede ver la imagen de la Virgen Peregrina que fue bendecida hace unas semanas en el Santuario, para que les acompa\u00f1ara en una nueva misi\u00f3n, en este caso en Eslovaquia. Aqu\u00ed podemos ver una ceremonia con el Nuncio Apost\u00f3lico en Eslovaquia, Nicolas Girasoli, que visit\u00f3&#8230;<\/p>\n","protected":false},"author":1,"featured_media":318,"comment_status":"closed","ping_status":"closed","sticky":false,"template":"","format":"standard","meta":{"footnotes":""},"categories":[5],"tags":[],"class_list":["post-317","post","type-post","status-publish","format-standard","has-post-thumbnail","hentry","category-noticias"],"_links":{"self":[{"href":"https:\/\/www.cofradiavirgenperegrina.com\/index.php\/wp-json\/wp\/v2\/posts\/317","targetHints":{"allow":["GET"]}}],"collection":[{"href":"https:\/\/www.cofradiavirgenperegrina.com\/index.php\/wp-json\/wp\/v2\/posts"}],"about":[{"href":"https:\/\/www.cofradiavirgenperegrina.com\/index.php\/wp-json\/wp\/v2\/types\/post"}],"author":[{"embeddable":true,"href":"https:\/\/www.cofradiavirgenperegrina.com\/index.php\/wp-json\/wp\/v2\/users\/1"}],"replies":[{"embeddable":true,"href":"https:\/\/www.cofradiavirgenperegrina.com\/index.php\/wp-json\/wp\/v2\/comments?post=317"}],"version-history":[{"count":1,"href":"https:\/\/www.cofradiavirgenperegrina.com\/index.php\/wp-json\/wp\/v2\/posts\/317\/revisions"}],"predecessor-version":[{"id":320,"href":"https:\/\/www.cofradiavirgenperegrina.com\/index.php\/wp-json\/wp\/v2\/posts\/317\/revisions\/320"}],"wp:featuredmedia":[{"embeddable":true,"href":"https:\/\/www.cofradiavirgenperegrina.com\/index.php\/wp-json\/wp\/v2\/media\/318"}],"wp:attachment":[{"href":"https:\/\/www.cofradiavirgenperegrina.com\/index.php\/wp-json\/wp\/v2\/media?parent=317"}],"wp:term":[{"taxonomy":"category","embeddable":true,"href":"https:\/\/www.cofradiavirgenperegrina.com\/index.php\/wp-json\/wp\/v2\/categories?post=317"},{"taxonomy":"post_tag","embeddable":true,"href":"https:\/\/www.cofradiavirgenperegrina.com\/index.php\/wp-json\/wp\/v2\/tags?post=317"}],"curies":[{"name":"wp","href":"https:\/\/api.w.org\/{rel}","templated":true}]}}