{"id":321,"date":"2024-04-05T07:34:12","date_gmt":"2024-04-05T07:34:12","guid":{"rendered":"https:\/\/www.cofradiavirgenperegrina.com\/?p=321"},"modified":"2024-04-16T07:36:14","modified_gmt":"2024-04-16T07:36:14","slug":"321","status":"publish","type":"post","link":"https:\/\/www.cofradiavirgenperegrina.com\/index.php\/2024\/04\/05\/321\/","title":{"rendered":"Visita Peregrinos en Eucarist\u00eda"},"content":{"rendered":"\n<p>Esta semana nos han visitado dos grupos de peregrinos que nos han acompa\u00f1ado en la Eucarist\u00eda diaria.<\/p>\n\n\n<div class=\"wp-block-image\">\n<figure class=\"aligncenter size-full is-resized\"><img loading=\"lazy\" decoding=\"async\" width=\"450\" height=\"600\" src=\"https:\/\/www.cofradiavirgenperegrina.com\/wp-content\/uploads\/2024\/04\/436348193_399604276169322_3624300077036225236_n.jpg\" alt=\"\" class=\"wp-image-322\" style=\"width:440px;height:auto\" srcset=\"https:\/\/www.cofradiavirgenperegrina.com\/wp-content\/uploads\/2024\/04\/436348193_399604276169322_3624300077036225236_n.jpg 450w, https:\/\/www.cofradiavirgenperegrina.com\/wp-content\/uploads\/2024\/04\/436348193_399604276169322_3624300077036225236_n-225x300.jpg 225w\" sizes=\"auto, (max-width: 450px) 100vw, 450px\" \/><\/figure>\n<\/div>\n\n\n<p>Por una parte tenemos al Padre Vimal de Gales que ven\u00eda con un peque\u00f1o grupo de feligreses de su comunidad y, por otro lado, al Padre Vicente de Ferrer que ven\u00eda con un numeroso grupo de 50 j\u00f3venes universitarios de Valencia.<\/p>\n\n\n\n<figure class=\"wp-block-gallery has-nested-images columns-default is-cropped wp-block-gallery-1 is-layout-flex wp-block-gallery-is-layout-flex\">\n<figure class=\"wp-block-image size-large\"><img loading=\"lazy\" decoding=\"async\" width=\"450\" height=\"600\" data-id=\"324\" src=\"https:\/\/www.cofradiavirgenperegrina.com\/wp-content\/uploads\/2024\/04\/436319374_399604372835979_216056351885207476_n-1.jpg\" alt=\"\" class=\"wp-image-324\" srcset=\"https:\/\/www.cofradiavirgenperegrina.com\/wp-content\/uploads\/2024\/04\/436319374_399604372835979_216056351885207476_n-1.jpg 450w, https:\/\/www.cofradiavirgenperegrina.com\/wp-content\/uploads\/2024\/04\/436319374_399604372835979_216056351885207476_n-1-225x300.jpg 225w\" sizes=\"auto, (max-width: 450px) 100vw, 450px\" \/><\/figure>\n\n\n\n<figure class=\"wp-block-image size-large\"><img loading=\"lazy\" decoding=\"async\" width=\"450\" height=\"600\" data-id=\"325\" src=\"https:\/\/www.cofradiavirgenperegrina.com\/wp-content\/uploads\/2024\/04\/436348193_399604276169322_3624300077036225236_n-1.jpg\" alt=\"\" class=\"wp-image-325\" srcset=\"https:\/\/www.cofradiavirgenperegrina.com\/wp-content\/uploads\/2024\/04\/436348193_399604276169322_3624300077036225236_n-1.jpg 450w, https:\/\/www.cofradiavirgenperegrina.com\/wp-content\/uploads\/2024\/04\/436348193_399604276169322_3624300077036225236_n-1-225x300.jpg 225w\" sizes=\"auto, (max-width: 450px) 100vw, 450px\" \/><\/figure>\n<\/figure>\n\n\n\n<p>A <a><\/a>todos ellos gracias por hacernos esta visita y que la Virgen Peregrina les proteja y acompa\u00f1e en su Camino a Santiago<\/p>\n","protected":false},"excerpt":{"rendered":"<p>Esta semana nos han visitado dos grupos de peregrinos que nos han acompa\u00f1ado en la Eucarist\u00eda diaria. Por una parte tenemos al Padre Vimal de Gales que ven\u00eda con un peque\u00f1o grupo de feligreses de su comunidad y, por otro lado, al Padre Vicente de Ferrer que ven\u00eda con un numeroso grupo de 50 j\u00f3venes&#8230;<\/p>\n","protected":false},"author":1,"featured_media":325,"comment_status":"closed","ping_status":"closed","sticky":false,"template":"","format":"standard","meta":{"footnotes":""},"categories":[5],"tags":[],"class_list":["post-321","post","type-post","status-publish","format-standard","has-post-thumbnail","hentry","category-noticias"],"_links":{"self":[{"href":"https:\/\/www.cofradiavirgenperegrina.com\/index.php\/wp-json\/wp\/v2\/posts\/321","targetHints":{"allow":["GET"]}}],"collection":[{"href":"https:\/\/www.cofradiavirgenperegrina.com\/index.php\/wp-json\/wp\/v2\/posts"}],"about":[{"href":"https:\/\/www.cofradiavirgenperegrina.com\/index.php\/wp-json\/wp\/v2\/types\/post"}],"author":[{"embeddable":true,"href":"https:\/\/www.cofradiavirgenperegrina.com\/index.php\/wp-json\/wp\/v2\/users\/1"}],"replies":[{"embeddable":true,"href":"https:\/\/www.cofradiavirgenperegrina.com\/index.php\/wp-json\/wp\/v2\/comments?post=321"}],"version-history":[{"count":3,"href":"https:\/\/www.cofradiavirgenperegrina.com\/index.php\/wp-json\/wp\/v2\/posts\/321\/revisions"}],"predecessor-version":[{"id":328,"href":"https:\/\/www.cofradiavirgenperegrina.com\/index.php\/wp-json\/wp\/v2\/posts\/321\/revisions\/328"}],"wp:featuredmedia":[{"embeddable":true,"href":"https:\/\/www.cofradiavirgenperegrina.com\/index.php\/wp-json\/wp\/v2\/media\/325"}],"wp:attachment":[{"href":"https:\/\/www.cofradiavirgenperegrina.com\/index.php\/wp-json\/wp\/v2\/media?parent=321"}],"wp:term":[{"taxonomy":"category","embeddable":true,"href":"https:\/\/www.cofradiavirgenperegrina.com\/index.php\/wp-json\/wp\/v2\/categories?post=321"},{"taxonomy":"post_tag","embeddable":true,"href":"https:\/\/www.cofradiavirgenperegrina.com\/index.php\/wp-json\/wp\/v2\/tags?post=321"}],"curies":[{"name":"wp","href":"https:\/\/api.w.org\/{rel}","templated":true}]}}