{"id":337,"date":"2024-04-27T15:06:00","date_gmt":"2024-04-27T15:06:00","guid":{"rendered":"https:\/\/www.cofradiavirgenperegrina.com\/?p=337"},"modified":"2024-05-20T15:08:35","modified_gmt":"2024-05-20T15:08:35","slug":"nuevo-grupo-de-polacos","status":"publish","type":"post","link":"https:\/\/www.cofradiavirgenperegrina.com\/index.php\/2024\/04\/27\/nuevo-grupo-de-polacos\/","title":{"rendered":"Nuevo grupo de Polacos"},"content":{"rendered":"\n<p>Un nuevo grupo de polacos se ha pasado por nuestro Santuario a primera hora de la ma\u00f1ana para celebrar una Eucarist\u00eda conjunta.<\/p>\n\n\n\n<figure class=\"wp-block-gallery has-nested-images columns-default is-cropped wp-block-gallery-1 is-layout-flex wp-block-gallery-is-layout-flex\">\n<figure class=\"wp-block-image size-large\"><img loading=\"lazy\" decoding=\"async\" width=\"768\" height=\"1024\" data-id=\"340\" src=\"https:\/\/www.cofradiavirgenperegrina.com\/wp-content\/uploads\/2024\/05\/438862343_407916112004805_6511765549946197183_n-1-768x1024.jpg\" alt=\"\" class=\"wp-image-340\" srcset=\"https:\/\/www.cofradiavirgenperegrina.com\/wp-content\/uploads\/2024\/05\/438862343_407916112004805_6511765549946197183_n-1-768x1024.jpg 768w, https:\/\/www.cofradiavirgenperegrina.com\/wp-content\/uploads\/2024\/05\/438862343_407916112004805_6511765549946197183_n-1-225x300.jpg 225w, https:\/\/www.cofradiavirgenperegrina.com\/wp-content\/uploads\/2024\/05\/438862343_407916112004805_6511765549946197183_n-1-1152x1536.jpg 1152w, https:\/\/www.cofradiavirgenperegrina.com\/wp-content\/uploads\/2024\/05\/438862343_407916112004805_6511765549946197183_n-1.jpg 1500w\" sizes=\"auto, (max-width: 768px) 100vw, 768px\" \/><\/figure>\n\n\n\n<figure class=\"wp-block-image size-large\"><img loading=\"lazy\" decoding=\"async\" width=\"1024\" height=\"768\" data-id=\"341\" src=\"https:\/\/www.cofradiavirgenperegrina.com\/wp-content\/uploads\/2024\/05\/440318031_407916125338137_5872539001085395042_n-1-1024x768.jpg\" alt=\"\" class=\"wp-image-341\" srcset=\"https:\/\/www.cofradiavirgenperegrina.com\/wp-content\/uploads\/2024\/05\/440318031_407916125338137_5872539001085395042_n-1-1024x768.jpg 1024w, https:\/\/www.cofradiavirgenperegrina.com\/wp-content\/uploads\/2024\/05\/440318031_407916125338137_5872539001085395042_n-1-300x225.jpg 300w, https:\/\/www.cofradiavirgenperegrina.com\/wp-content\/uploads\/2024\/05\/440318031_407916125338137_5872539001085395042_n-1-768x576.jpg 768w, https:\/\/www.cofradiavirgenperegrina.com\/wp-content\/uploads\/2024\/05\/440318031_407916125338137_5872539001085395042_n-1-1536x1152.jpg 1536w, https:\/\/www.cofradiavirgenperegrina.com\/wp-content\/uploads\/2024\/05\/440318031_407916125338137_5872539001085395042_n-1.jpg 2000w\" sizes=\"auto, (max-width: 1024px) 100vw, 1024px\" \/><\/figure>\n<\/figure>\n\n\n\n<p>Estos m\u00e1s de 30 peregrinos de diferentes edades se encuentran en la mitad del Camino Portugu\u00e9s, poniendo hoy rumbo a Caldas de Reis<\/p>\n\n\n\n<p>Que la Virgen Peregrina les guarde y acompa\u00f1e en su camino a Santiago y de vuelta a sus hogares<\/p>\n","protected":false},"excerpt":{"rendered":"<p>Un nuevo grupo de polacos se ha pasado por nuestro Santuario a primera hora de la ma\u00f1ana para celebrar una Eucarist\u00eda conjunta. Estos m\u00e1s de 30 peregrinos de diferentes edades se encuentran en la mitad del Camino Portugu\u00e9s, poniendo hoy rumbo a Caldas de Reis Que la Virgen Peregrina les guarde y acompa\u00f1e en su&#8230;<\/p>\n","protected":false},"author":1,"featured_media":338,"comment_status":"open","ping_status":"open","sticky":false,"template":"","format":"standard","meta":{"footnotes":""},"categories":[5],"tags":[],"class_list":["post-337","post","type-post","status-publish","format-standard","has-post-thumbnail","hentry","category-noticias"],"_links":{"self":[{"href":"https:\/\/www.cofradiavirgenperegrina.com\/index.php\/wp-json\/wp\/v2\/posts\/337","targetHints":{"allow":["GET"]}}],"collection":[{"href":"https:\/\/www.cofradiavirgenperegrina.com\/index.php\/wp-json\/wp\/v2\/posts"}],"about":[{"href":"https:\/\/www.cofradiavirgenperegrina.com\/index.php\/wp-json\/wp\/v2\/types\/post"}],"author":[{"embeddable":true,"href":"https:\/\/www.cofradiavirgenperegrina.com\/index.php\/wp-json\/wp\/v2\/users\/1"}],"replies":[{"embeddable":true,"href":"https:\/\/www.cofradiavirgenperegrina.com\/index.php\/wp-json\/wp\/v2\/comments?post=337"}],"version-history":[{"count":1,"href":"https:\/\/www.cofradiavirgenperegrina.com\/index.php\/wp-json\/wp\/v2\/posts\/337\/revisions"}],"predecessor-version":[{"id":342,"href":"https:\/\/www.cofradiavirgenperegrina.com\/index.php\/wp-json\/wp\/v2\/posts\/337\/revisions\/342"}],"wp:featuredmedia":[{"embeddable":true,"href":"https:\/\/www.cofradiavirgenperegrina.com\/index.php\/wp-json\/wp\/v2\/media\/338"}],"wp:attachment":[{"href":"https:\/\/www.cofradiavirgenperegrina.com\/index.php\/wp-json\/wp\/v2\/media?parent=337"}],"wp:term":[{"taxonomy":"category","embeddable":true,"href":"https:\/\/www.cofradiavirgenperegrina.com\/index.php\/wp-json\/wp\/v2\/categories?post=337"},{"taxonomy":"post_tag","embeddable":true,"href":"https:\/\/www.cofradiavirgenperegrina.com\/index.php\/wp-json\/wp\/v2\/tags?post=337"}],"curies":[{"name":"wp","href":"https:\/\/api.w.org\/{rel}","templated":true}]}}