{"id":343,"date":"2024-05-01T15:10:51","date_gmt":"2024-05-01T15:10:51","guid":{"rendered":"https:\/\/www.cofradiavirgenperegrina.com\/?p=343"},"modified":"2024-05-20T15:15:04","modified_gmt":"2024-05-20T15:15:04","slug":"visita-portugueses","status":"publish","type":"post","link":"https:\/\/www.cofradiavirgenperegrina.com\/index.php\/2024\/05\/01\/visita-portugueses\/","title":{"rendered":"Visita Portugueses"},"content":{"rendered":"\n<p>La semana pasada la terminamos con la visita de nuevos grupos de peregrinos<\/p>\n\n\n\n<p>El primero de ellos es de nuestros hermanos portugueses, concretamente de Lisboa, que acompa\u00f1ados por su sacerdote han hecho un alto en el camino para ser parte en nuestra Eucarist\u00eda diaria.<\/p>\n\n\n\n<figure class=\"wp-block-gallery has-nested-images columns-default is-cropped wp-block-gallery-1 is-layout-flex wp-block-gallery-is-layout-flex\">\n<figure class=\"wp-block-image size-large\"><img loading=\"lazy\" decoding=\"async\" width=\"768\" height=\"1024\" data-id=\"346\" src=\"https:\/\/www.cofradiavirgenperegrina.com\/wp-content\/uploads\/2024\/05\/438862343_407916112004805_6511765549946197183_n-2-768x1024.jpg\" alt=\"\" class=\"wp-image-346\" srcset=\"https:\/\/www.cofradiavirgenperegrina.com\/wp-content\/uploads\/2024\/05\/438862343_407916112004805_6511765549946197183_n-2-768x1024.jpg 768w, https:\/\/www.cofradiavirgenperegrina.com\/wp-content\/uploads\/2024\/05\/438862343_407916112004805_6511765549946197183_n-2-225x300.jpg 225w, https:\/\/www.cofradiavirgenperegrina.com\/wp-content\/uploads\/2024\/05\/438862343_407916112004805_6511765549946197183_n-2-1152x1536.jpg 1152w, https:\/\/www.cofradiavirgenperegrina.com\/wp-content\/uploads\/2024\/05\/438862343_407916112004805_6511765549946197183_n-2.jpg 1500w\" sizes=\"auto, (max-width: 768px) 100vw, 768px\" \/><\/figure>\n\n\n\n<figure class=\"wp-block-image size-large\"><img loading=\"lazy\" decoding=\"async\" width=\"1024\" height=\"768\" data-id=\"345\" src=\"https:\/\/www.cofradiavirgenperegrina.com\/wp-content\/uploads\/2024\/05\/440318031_407916125338137_5872539001085395042_n-2-1024x768.jpg\" alt=\"\" class=\"wp-image-345\" srcset=\"https:\/\/www.cofradiavirgenperegrina.com\/wp-content\/uploads\/2024\/05\/440318031_407916125338137_5872539001085395042_n-2-1024x768.jpg 1024w, https:\/\/www.cofradiavirgenperegrina.com\/wp-content\/uploads\/2024\/05\/440318031_407916125338137_5872539001085395042_n-2-300x225.jpg 300w, https:\/\/www.cofradiavirgenperegrina.com\/wp-content\/uploads\/2024\/05\/440318031_407916125338137_5872539001085395042_n-2-768x576.jpg 768w, https:\/\/www.cofradiavirgenperegrina.com\/wp-content\/uploads\/2024\/05\/440318031_407916125338137_5872539001085395042_n-2-1536x1152.jpg 1536w, https:\/\/www.cofradiavirgenperegrina.com\/wp-content\/uploads\/2024\/05\/440318031_407916125338137_5872539001085395042_n-2.jpg 2000w\" sizes=\"auto, (max-width: 1024px) 100vw, 1024px\" \/><\/figure>\n\n\n\n<figure class=\"wp-block-image size-large\"><img loading=\"lazy\" decoding=\"async\" width=\"600\" height=\"450\" data-id=\"344\" src=\"https:\/\/www.cofradiavirgenperegrina.com\/wp-content\/uploads\/2024\/05\/440811484_410386745091075_8077865657203610665_n.jpg\" alt=\"\" class=\"wp-image-344\" srcset=\"https:\/\/www.cofradiavirgenperegrina.com\/wp-content\/uploads\/2024\/05\/440811484_410386745091075_8077865657203610665_n.jpg 600w, https:\/\/www.cofradiavirgenperegrina.com\/wp-content\/uploads\/2024\/05\/440811484_410386745091075_8077865657203610665_n-300x225.jpg 300w\" sizes=\"auto, (max-width: 600px) 100vw, 600px\" \/><\/figure>\n<\/figure>\n\n\n\n<p>Por otra parte tenemos otros peregrinos desde el lugar europeo que m\u00e1s nos visitan a\u00f1o tras a\u00f1o. Polonia tiene una gran devoci\u00f3n por realizar el Camino de Santiago y aqu\u00ed un nuevo grupo de estos.<\/p>\n\n\n\n<p><a><\/a>Muchas gracias a ambos por visitarnos y que la Virgen Peregrina les gu\u00ede y acompa\u00f1e en su peregrinar por la vida<\/p>\n\n\n\n<p>\u00a1Ultreia et Suseia, Buen camino!<\/p>\n","protected":false},"excerpt":{"rendered":"<p>La semana pasada la terminamos con la visita de nuevos grupos de peregrinos El primero de ellos es de nuestros hermanos portugueses, concretamente de Lisboa, que acompa\u00f1ados por su sacerdote han hecho un alto en el camino para ser parte en nuestra Eucarist\u00eda diaria. Por otra parte tenemos otros peregrinos desde el lugar europeo que&#8230;<\/p>\n","protected":false},"author":1,"featured_media":348,"comment_status":"open","ping_status":"open","sticky":false,"template":"","format":"standard","meta":{"footnotes":""},"categories":[5],"tags":[],"class_list":["post-343","post","type-post","status-publish","format-standard","has-post-thumbnail","hentry","category-noticias"],"_links":{"self":[{"href":"https:\/\/www.cofradiavirgenperegrina.com\/index.php\/wp-json\/wp\/v2\/posts\/343","targetHints":{"allow":["GET"]}}],"collection":[{"href":"https:\/\/www.cofradiavirgenperegrina.com\/index.php\/wp-json\/wp\/v2\/posts"}],"about":[{"href":"https:\/\/www.cofradiavirgenperegrina.com\/index.php\/wp-json\/wp\/v2\/types\/post"}],"author":[{"embeddable":true,"href":"https:\/\/www.cofradiavirgenperegrina.com\/index.php\/wp-json\/wp\/v2\/users\/1"}],"replies":[{"embeddable":true,"href":"https:\/\/www.cofradiavirgenperegrina.com\/index.php\/wp-json\/wp\/v2\/comments?post=343"}],"version-history":[{"count":1,"href":"https:\/\/www.cofradiavirgenperegrina.com\/index.php\/wp-json\/wp\/v2\/posts\/343\/revisions"}],"predecessor-version":[{"id":347,"href":"https:\/\/www.cofradiavirgenperegrina.com\/index.php\/wp-json\/wp\/v2\/posts\/343\/revisions\/347"}],"wp:featuredmedia":[{"embeddable":true,"href":"https:\/\/www.cofradiavirgenperegrina.com\/index.php\/wp-json\/wp\/v2\/media\/348"}],"wp:attachment":[{"href":"https:\/\/www.cofradiavirgenperegrina.com\/index.php\/wp-json\/wp\/v2\/media?parent=343"}],"wp:term":[{"taxonomy":"category","embeddable":true,"href":"https:\/\/www.cofradiavirgenperegrina.com\/index.php\/wp-json\/wp\/v2\/categories?post=343"},{"taxonomy":"post_tag","embeddable":true,"href":"https:\/\/www.cofradiavirgenperegrina.com\/index.php\/wp-json\/wp\/v2\/tags?post=343"}],"curies":[{"name":"wp","href":"https:\/\/api.w.org\/{rel}","templated":true}]}}