{"id":349,"date":"2024-05-06T15:18:10","date_gmt":"2024-05-06T15:18:10","guid":{"rendered":"https:\/\/www.cofradiavirgenperegrina.com\/?p=349"},"modified":"2024-05-20T15:20:06","modified_gmt":"2024-05-20T15:20:06","slug":"peregrinos-de-betania","status":"publish","type":"post","link":"https:\/\/www.cofradiavirgenperegrina.com\/index.php\/2024\/05\/06\/peregrinos-de-betania\/","title":{"rendered":"Peregrinos de Betania"},"content":{"rendered":"\n<p>Ayer nos visit\u00f3 desde Madrid el grupo de Familias de Betania que se encuentran peregrinando hacia Santiago.<\/p>\n\n\n\n<figure class=\"wp-block-gallery has-nested-images columns-default is-cropped wp-block-gallery-1 is-layout-flex wp-block-gallery-is-layout-flex\">\n<figure class=\"wp-block-image size-large\"><img loading=\"lazy\" decoding=\"async\" width=\"600\" height=\"450\" data-id=\"350\" src=\"https:\/\/www.cofradiavirgenperegrina.com\/wp-content\/uploads\/2024\/05\/439872552_412522018210881_8207098269747215321_n.jpg\" alt=\"\" class=\"wp-image-350\" srcset=\"https:\/\/www.cofradiavirgenperegrina.com\/wp-content\/uploads\/2024\/05\/439872552_412522018210881_8207098269747215321_n.jpg 600w, https:\/\/www.cofradiavirgenperegrina.com\/wp-content\/uploads\/2024\/05\/439872552_412522018210881_8207098269747215321_n-300x225.jpg 300w\" sizes=\"auto, (max-width: 600px) 100vw, 600px\" \/><\/figure>\n\n\n\n<figure class=\"wp-block-image size-large\"><img loading=\"lazy\" decoding=\"async\" width=\"450\" height=\"600\" data-id=\"351\" src=\"https:\/\/www.cofradiavirgenperegrina.com\/wp-content\/uploads\/2024\/05\/440149033_412521974877552_9052651296435897442_n-1.jpg\" alt=\"\" class=\"wp-image-351\" srcset=\"https:\/\/www.cofradiavirgenperegrina.com\/wp-content\/uploads\/2024\/05\/440149033_412521974877552_9052651296435897442_n-1.jpg 450w, https:\/\/www.cofradiavirgenperegrina.com\/wp-content\/uploads\/2024\/05\/440149033_412521974877552_9052651296435897442_n-1-225x300.jpg 225w\" sizes=\"auto, (max-width: 450px) 100vw, 450px\" \/><\/figure>\n<\/figure>\n\n\n\n<p>Se trata de familias que ven\u00edan acompa\u00f1adas con sus hijos de todas las edades que llegaron a completar el aforo del Santuario, eran m\u00e1s 100 en su total.<\/p>\n\n\n\n<p>Les deseamos que pasen una feliz estad\u00eda entre nosotros, aprovechando los d\u00edas festivos de su comunidad, una oportunidad \u00fanica para vivir la experiencia del Camino de Santiago y que mejor que hacerlo en familia.<\/p>\n","protected":false},"excerpt":{"rendered":"<p>Ayer nos visit\u00f3 desde Madrid el grupo de Familias de Betania que se encuentran peregrinando hacia Santiago. Se trata de familias que ven\u00edan acompa\u00f1adas con sus hijos de todas las edades que llegaron a completar el aforo del Santuario, eran m\u00e1s 100 en su total. Les deseamos que pasen una feliz estad\u00eda entre nosotros, aprovechando&#8230;<\/p>\n","protected":false},"author":1,"featured_media":351,"comment_status":"open","ping_status":"open","sticky":false,"template":"","format":"standard","meta":{"footnotes":""},"categories":[5],"tags":[],"class_list":["post-349","post","type-post","status-publish","format-standard","has-post-thumbnail","hentry","category-noticias"],"_links":{"self":[{"href":"https:\/\/www.cofradiavirgenperegrina.com\/index.php\/wp-json\/wp\/v2\/posts\/349","targetHints":{"allow":["GET"]}}],"collection":[{"href":"https:\/\/www.cofradiavirgenperegrina.com\/index.php\/wp-json\/wp\/v2\/posts"}],"about":[{"href":"https:\/\/www.cofradiavirgenperegrina.com\/index.php\/wp-json\/wp\/v2\/types\/post"}],"author":[{"embeddable":true,"href":"https:\/\/www.cofradiavirgenperegrina.com\/index.php\/wp-json\/wp\/v2\/users\/1"}],"replies":[{"embeddable":true,"href":"https:\/\/www.cofradiavirgenperegrina.com\/index.php\/wp-json\/wp\/v2\/comments?post=349"}],"version-history":[{"count":1,"href":"https:\/\/www.cofradiavirgenperegrina.com\/index.php\/wp-json\/wp\/v2\/posts\/349\/revisions"}],"predecessor-version":[{"id":352,"href":"https:\/\/www.cofradiavirgenperegrina.com\/index.php\/wp-json\/wp\/v2\/posts\/349\/revisions\/352"}],"wp:featuredmedia":[{"embeddable":true,"href":"https:\/\/www.cofradiavirgenperegrina.com\/index.php\/wp-json\/wp\/v2\/media\/351"}],"wp:attachment":[{"href":"https:\/\/www.cofradiavirgenperegrina.com\/index.php\/wp-json\/wp\/v2\/media?parent=349"}],"wp:term":[{"taxonomy":"category","embeddable":true,"href":"https:\/\/www.cofradiavirgenperegrina.com\/index.php\/wp-json\/wp\/v2\/categories?post=349"},{"taxonomy":"post_tag","embeddable":true,"href":"https:\/\/www.cofradiavirgenperegrina.com\/index.php\/wp-json\/wp\/v2\/tags?post=349"}],"curies":[{"name":"wp","href":"https:\/\/api.w.org\/{rel}","templated":true}]}}