{"id":369,"date":"2024-05-03T15:36:24","date_gmt":"2024-05-03T15:36:24","guid":{"rendered":"https:\/\/www.cofradiavirgenperegrina.com\/?p=369"},"modified":"2024-05-20T15:38:12","modified_gmt":"2024-05-20T15:38:12","slug":"peregrinos-desde-america","status":"publish","type":"post","link":"https:\/\/www.cofradiavirgenperegrina.com\/index.php\/2024\/05\/03\/peregrinos-desde-america\/","title":{"rendered":"Peregrinos desde Am\u00e9rica"},"content":{"rendered":"\n<p>M\u00e1s grupos de peregrinos representando a Am\u00e9rica<\/p>\n\n\n\n<p>Por una parte tenemos a un grupo de j\u00f3venes de El Salvador, que a primera hora antes de partir hacia Caldas de Reis, quisieron empezarlo de la mejor forma posible, con una Eucarist\u00eda en nuestro Santuario.<\/p>\n\n\n\n<figure class=\"wp-block-gallery has-nested-images columns-default is-cropped wp-block-gallery-1 is-layout-flex wp-block-gallery-is-layout-flex\">\n<figure class=\"wp-block-image size-large\"><img loading=\"lazy\" decoding=\"async\" width=\"600\" height=\"450\" data-id=\"370\" src=\"https:\/\/www.cofradiavirgenperegrina.com\/wp-content\/uploads\/2024\/05\/439872874_412529058210177_5037306967466622045_n.jpg\" alt=\"\" class=\"wp-image-370\" srcset=\"https:\/\/www.cofradiavirgenperegrina.com\/wp-content\/uploads\/2024\/05\/439872874_412529058210177_5037306967466622045_n.jpg 600w, https:\/\/www.cofradiavirgenperegrina.com\/wp-content\/uploads\/2024\/05\/439872874_412529058210177_5037306967466622045_n-300x225.jpg 300w\" sizes=\"auto, (max-width: 600px) 100vw, 600px\" \/><\/figure>\n\n\n\n<figure class=\"wp-block-image size-large\"><img loading=\"lazy\" decoding=\"async\" width=\"600\" height=\"450\" data-id=\"371\" src=\"https:\/\/www.cofradiavirgenperegrina.com\/wp-content\/uploads\/2024\/05\/439874165_412529251543491_7660998303333038231_n.jpg\" alt=\"\" class=\"wp-image-371\" srcset=\"https:\/\/www.cofradiavirgenperegrina.com\/wp-content\/uploads\/2024\/05\/439874165_412529251543491_7660998303333038231_n.jpg 600w, https:\/\/www.cofradiavirgenperegrina.com\/wp-content\/uploads\/2024\/05\/439874165_412529251543491_7660998303333038231_n-300x225.jpg 300w\" sizes=\"auto, (max-width: 600px) 100vw, 600px\" \/><\/figure>\n<\/figure>\n\n\n\n<p>Y por otro lado un grupo de Texas, Estados Unidos, formado por personas adultas que tambi\u00e9n hicieron un alto el camino terminada la etapa que hab\u00edan comenzado horas atr\u00e1s en Redondela.<\/p>\n\n\n\n<p>A <a><\/a>todos ellos que la Virgen Peregrina os gu\u00ede y acompa\u00f1e en vuestro peregrinar a Santiago y de vuelta a vuestro pa\u00eds de origen.<\/p>\n","protected":false},"excerpt":{"rendered":"<p>M\u00e1s grupos de peregrinos representando a Am\u00e9rica Por una parte tenemos a un grupo de j\u00f3venes de El Salvador, que a primera hora antes de partir hacia Caldas de Reis, quisieron empezarlo de la mejor forma posible, con una Eucarist\u00eda en nuestro Santuario. Y por otro lado un grupo de Texas, Estados Unidos, formado por&#8230;<\/p>\n","protected":false},"author":1,"featured_media":371,"comment_status":"open","ping_status":"open","sticky":false,"template":"","format":"standard","meta":{"footnotes":""},"categories":[5],"tags":[],"class_list":["post-369","post","type-post","status-publish","format-standard","has-post-thumbnail","hentry","category-noticias"],"_links":{"self":[{"href":"https:\/\/www.cofradiavirgenperegrina.com\/index.php\/wp-json\/wp\/v2\/posts\/369","targetHints":{"allow":["GET"]}}],"collection":[{"href":"https:\/\/www.cofradiavirgenperegrina.com\/index.php\/wp-json\/wp\/v2\/posts"}],"about":[{"href":"https:\/\/www.cofradiavirgenperegrina.com\/index.php\/wp-json\/wp\/v2\/types\/post"}],"author":[{"embeddable":true,"href":"https:\/\/www.cofradiavirgenperegrina.com\/index.php\/wp-json\/wp\/v2\/users\/1"}],"replies":[{"embeddable":true,"href":"https:\/\/www.cofradiavirgenperegrina.com\/index.php\/wp-json\/wp\/v2\/comments?post=369"}],"version-history":[{"count":1,"href":"https:\/\/www.cofradiavirgenperegrina.com\/index.php\/wp-json\/wp\/v2\/posts\/369\/revisions"}],"predecessor-version":[{"id":372,"href":"https:\/\/www.cofradiavirgenperegrina.com\/index.php\/wp-json\/wp\/v2\/posts\/369\/revisions\/372"}],"wp:featuredmedia":[{"embeddable":true,"href":"https:\/\/www.cofradiavirgenperegrina.com\/index.php\/wp-json\/wp\/v2\/media\/371"}],"wp:attachment":[{"href":"https:\/\/www.cofradiavirgenperegrina.com\/index.php\/wp-json\/wp\/v2\/media?parent=369"}],"wp:term":[{"taxonomy":"category","embeddable":true,"href":"https:\/\/www.cofradiavirgenperegrina.com\/index.php\/wp-json\/wp\/v2\/categories?post=369"},{"taxonomy":"post_tag","embeddable":true,"href":"https:\/\/www.cofradiavirgenperegrina.com\/index.php\/wp-json\/wp\/v2\/tags?post=369"}],"curies":[{"name":"wp","href":"https:\/\/api.w.org\/{rel}","templated":true}]}}