{"id":378,"date":"2024-07-08T06:55:00","date_gmt":"2024-07-08T06:55:00","guid":{"rendered":"https:\/\/www.cofradiavirgenperegrina.com\/?p=378"},"modified":"2024-07-14T07:10:42","modified_gmt":"2024-07-14T07:10:42","slug":"unidos-en-la-fe-peregrinos-de-todo-el-mundo-se-embargan-en-el-camino-de-santiago","status":"publish","type":"post","link":"https:\/\/www.cofradiavirgenperegrina.com\/index.php\/2024\/07\/08\/unidos-en-la-fe-peregrinos-de-todo-el-mundo-se-embargan-en-el-camino-de-santiago\/","title":{"rendered":"Unidos en la Fe: Peregrinos de Todo el Mundo se Embargan en el Camino de Santiago"},"content":{"rendered":"\n<p>Malta, Argentina, Italia, M\u00e9xico, Polonia, Colombia, Portugal, Estados Unidos adem\u00e1s de muchos espa\u00f1oles llegados de Granada, Ja\u00e9n, M\u00e1laga, Burgos y m\u00e1s puntos de la geograf\u00eda espa\u00f1ola.<\/p>\n\n\n\n<p>Destacamos de especial manera a un grupo de 60 peregrinos de todas las edades de la Parroquia de Santiago el Mayor de Membrilla de Ciudad Real, que impulsados por su p\u00e1rroco se han lanzado por primera vez a hacer el Camino.<\/p>\n\n\n\n<figure class=\"wp-block-gallery has-nested-images columns-default is-cropped wp-block-gallery-1 is-layout-flex wp-block-gallery-is-layout-flex\">\n<figure class=\"wp-block-image size-large\"><img loading=\"lazy\" decoding=\"async\" width=\"1024\" height=\"577\" data-id=\"383\" src=\"https:\/\/www.cofradiavirgenperegrina.com\/wp-content\/uploads\/2024\/07\/450257469_452891307507285_8775047631734968088_n-1024x577.jpg\" alt=\"\" class=\"wp-image-383\" srcset=\"https:\/\/www.cofradiavirgenperegrina.com\/wp-content\/uploads\/2024\/07\/450257469_452891307507285_8775047631734968088_n-1024x577.jpg 1024w, https:\/\/www.cofradiavirgenperegrina.com\/wp-content\/uploads\/2024\/07\/450257469_452891307507285_8775047631734968088_n-300x169.jpg 300w, https:\/\/www.cofradiavirgenperegrina.com\/wp-content\/uploads\/2024\/07\/450257469_452891307507285_8775047631734968088_n-768x432.jpg 768w, https:\/\/www.cofradiavirgenperegrina.com\/wp-content\/uploads\/2024\/07\/450257469_452891307507285_8775047631734968088_n-1536x865.jpg 1536w, https:\/\/www.cofradiavirgenperegrina.com\/wp-content\/uploads\/2024\/07\/450257469_452891307507285_8775047631734968088_n.jpg 2048w\" sizes=\"auto, (max-width: 1024px) 100vw, 1024px\" \/><\/figure>\n\n\n\n<figure class=\"wp-block-image size-large\"><img loading=\"lazy\" decoding=\"async\" width=\"338\" height=\"600\" data-id=\"381\" src=\"https:\/\/www.cofradiavirgenperegrina.com\/wp-content\/uploads\/2024\/07\/450119589_452890677507348_3435276106797247187_n.jpg\" alt=\"\" class=\"wp-image-381\" srcset=\"https:\/\/www.cofradiavirgenperegrina.com\/wp-content\/uploads\/2024\/07\/450119589_452890677507348_3435276106797247187_n.jpg 338w, https:\/\/www.cofradiavirgenperegrina.com\/wp-content\/uploads\/2024\/07\/450119589_452890677507348_3435276106797247187_n-169x300.jpg 169w\" sizes=\"auto, (max-width: 338px) 100vw, 338px\" \/><\/figure>\n\n\n\n<figure class=\"wp-block-image size-large\"><img loading=\"lazy\" decoding=\"async\" width=\"600\" height=\"338\" data-id=\"379\" src=\"https:\/\/www.cofradiavirgenperegrina.com\/wp-content\/uploads\/2024\/07\/450549649_452891250840624_7493068839710644761_n.jpg\" alt=\"\" class=\"wp-image-379\" srcset=\"https:\/\/www.cofradiavirgenperegrina.com\/wp-content\/uploads\/2024\/07\/450549649_452891250840624_7493068839710644761_n.jpg 600w, https:\/\/www.cofradiavirgenperegrina.com\/wp-content\/uploads\/2024\/07\/450549649_452891250840624_7493068839710644761_n-300x169.jpg 300w\" sizes=\"auto, (max-width: 600px) 100vw, 600px\" \/><\/figure>\n\n\n\n<figure class=\"wp-block-image size-large\"><img loading=\"lazy\" decoding=\"async\" width=\"457\" height=\"600\" data-id=\"382\" src=\"https:\/\/www.cofradiavirgenperegrina.com\/wp-content\/uploads\/2024\/07\/450247528_452890630840686_4520719747767841094_n.jpg\" alt=\"\" class=\"wp-image-382\" srcset=\"https:\/\/www.cofradiavirgenperegrina.com\/wp-content\/uploads\/2024\/07\/450247528_452890630840686_4520719747767841094_n.jpg 457w, https:\/\/www.cofradiavirgenperegrina.com\/wp-content\/uploads\/2024\/07\/450247528_452890630840686_4520719747767841094_n-229x300.jpg 229w\" sizes=\"auto, (max-width: 457px) 100vw, 457px\" \/><\/figure>\n\n\n\n<figure class=\"wp-block-image size-large\"><img loading=\"lazy\" decoding=\"async\" width=\"600\" height=\"338\" data-id=\"380\" src=\"https:\/\/www.cofradiavirgenperegrina.com\/wp-content\/uploads\/2024\/07\/450246630_452890787507337_6612696656402721394_n.jpg\" alt=\"\" class=\"wp-image-380\" srcset=\"https:\/\/www.cofradiavirgenperegrina.com\/wp-content\/uploads\/2024\/07\/450246630_452890787507337_6612696656402721394_n.jpg 600w, https:\/\/www.cofradiavirgenperegrina.com\/wp-content\/uploads\/2024\/07\/450246630_452890787507337_6612696656402721394_n-300x169.jpg 300w\" sizes=\"auto, (max-width: 600px) 100vw, 600px\" \/><\/figure>\n<\/figure>\n\n\n\n<p>\u00a1Buen Camino y que la Virgen Peregrina os guie y acompa\u00f1e en vuestro peregrinaje!<\/p>\n","protected":false},"excerpt":{"rendered":"<p>Malta, Argentina, Italia, M\u00e9xico, Polonia, Colombia, Portugal, Estados Unidos adem\u00e1s de muchos espa\u00f1oles llegados de Granada, Ja\u00e9n, M\u00e1laga, Burgos y m\u00e1s puntos de la geograf\u00eda espa\u00f1ola. Destacamos de especial manera a un grupo de 60 peregrinos de todas las edades de la Parroquia de Santiago el Mayor de Membrilla de Ciudad Real, que impulsados por&#8230;<\/p>\n","protected":false},"author":1,"featured_media":379,"comment_status":"closed","ping_status":"closed","sticky":false,"template":"","format":"standard","meta":{"footnotes":""},"categories":[5],"tags":[],"class_list":["post-378","post","type-post","status-publish","format-standard","has-post-thumbnail","hentry","category-noticias"],"_links":{"self":[{"href":"https:\/\/www.cofradiavirgenperegrina.com\/index.php\/wp-json\/wp\/v2\/posts\/378","targetHints":{"allow":["GET"]}}],"collection":[{"href":"https:\/\/www.cofradiavirgenperegrina.com\/index.php\/wp-json\/wp\/v2\/posts"}],"about":[{"href":"https:\/\/www.cofradiavirgenperegrina.com\/index.php\/wp-json\/wp\/v2\/types\/post"}],"author":[{"embeddable":true,"href":"https:\/\/www.cofradiavirgenperegrina.com\/index.php\/wp-json\/wp\/v2\/users\/1"}],"replies":[{"embeddable":true,"href":"https:\/\/www.cofradiavirgenperegrina.com\/index.php\/wp-json\/wp\/v2\/comments?post=378"}],"version-history":[{"count":1,"href":"https:\/\/www.cofradiavirgenperegrina.com\/index.php\/wp-json\/wp\/v2\/posts\/378\/revisions"}],"predecessor-version":[{"id":384,"href":"https:\/\/www.cofradiavirgenperegrina.com\/index.php\/wp-json\/wp\/v2\/posts\/378\/revisions\/384"}],"wp:featuredmedia":[{"embeddable":true,"href":"https:\/\/www.cofradiavirgenperegrina.com\/index.php\/wp-json\/wp\/v2\/media\/379"}],"wp:attachment":[{"href":"https:\/\/www.cofradiavirgenperegrina.com\/index.php\/wp-json\/wp\/v2\/media?parent=378"}],"wp:term":[{"taxonomy":"category","embeddable":true,"href":"https:\/\/www.cofradiavirgenperegrina.com\/index.php\/wp-json\/wp\/v2\/categories?post=378"},{"taxonomy":"post_tag","embeddable":true,"href":"https:\/\/www.cofradiavirgenperegrina.com\/index.php\/wp-json\/wp\/v2\/tags?post=378"}],"curies":[{"name":"wp","href":"https:\/\/api.w.org\/{rel}","templated":true}]}}