{"id":385,"date":"2024-07-02T06:57:09","date_gmt":"2024-07-02T06:57:09","guid":{"rendered":"https:\/\/www.cofradiavirgenperegrina.com\/?p=385"},"modified":"2024-07-14T07:03:31","modified_gmt":"2024-07-14T07:03:31","slug":"canto-a-la-virgen-peregrina","status":"publish","type":"post","link":"https:\/\/www.cofradiavirgenperegrina.com\/index.php\/2024\/07\/02\/canto-a-la-virgen-peregrina\/","title":{"rendered":"Canto a la Virgen Peregrina"},"content":{"rendered":"\n<p>En la Eucarist\u00eda de este s\u00e1bado tuvimos la suerte de contar con el acompa\u00f1amiento de la Coral de Pontevedra a junto Jos\u00e9 Luis, el organista titular del Santuario de Nuestra Se\u00f1ora de Los Milagros en Ba\u00f1os de Molgas (Ourense).<\/p>\n\n\n\n<figure class=\"wp-block-gallery has-nested-images columns-default is-cropped wp-block-gallery-1 is-layout-flex wp-block-gallery-is-layout-flex\"><div class=\"wp-block-image\">\n<figure class=\"aligncenter size-large\"><img loading=\"lazy\" decoding=\"async\" width=\"526\" height=\"778\" data-id=\"387\" src=\"https:\/\/www.cofradiavirgenperegrina.com\/wp-content\/uploads\/2024\/07\/449443790_449118051217944_5026949720278838215_n.jpg\" alt=\"\" class=\"wp-image-387\" srcset=\"https:\/\/www.cofradiavirgenperegrina.com\/wp-content\/uploads\/2024\/07\/449443790_449118051217944_5026949720278838215_n.jpg 526w, https:\/\/www.cofradiavirgenperegrina.com\/wp-content\/uploads\/2024\/07\/449443790_449118051217944_5026949720278838215_n-203x300.jpg 203w\" sizes=\"auto, (max-width: 526px) 100vw, 526px\" \/><\/figure>\n<\/div><\/figure>\n\n\n\n<p>Cantaron toda la Misa de una manera extraordinaria dejando a todos los fieles y peregrinos encantados.<\/p>\n\n\n\n<p>Un peque\u00f1o extracto del canto a la Virgen Peregrina interpretado por la Coral de Pontevedra, con el que finaliz\u00e1bamos la Eucarist\u00eda.<\/p>\n\n\n\n<iframe loading=\"lazy\" src=\"https:\/\/www.facebook.com\/plugins\/video.php?height=476&#038;href=https%3A%2F%2Fwww.facebook.com%2Fsantuariovirgenperegrina%2Fvideos%2F2427223394137010%2F&#038;show_text=false&#038;width=267&#038;t=0\" width=\"267\" height=\"476\" style=\"border:none;overflow:hidden\" scrolling=\"no\" frameborder=\"0\" allowfullscreen=\"true\" allow=\"autoplay; clipboard-write; encrypted-media; picture-in-picture; web-share\" allowFullScreen=\"true\"><\/iframe>\n\n\n\n<p>Muchas gracias por atender a nuestra llamada, esperamos muy pronto teneros de vuelta<\/p>\n\n\n\n<p><\/p>\n","protected":false},"excerpt":{"rendered":"<p>En la Eucarist\u00eda de este s\u00e1bado tuvimos la suerte de contar con el acompa\u00f1amiento de la Coral de Pontevedra a junto Jos\u00e9 Luis, el organista titular del Santuario de Nuestra Se\u00f1ora de Los Milagros en Ba\u00f1os de Molgas (Ourense). Cantaron toda la Misa de una manera extraordinaria dejando a todos los fieles y peregrinos encantados&#8230;.<\/p>\n","protected":false},"author":1,"featured_media":387,"comment_status":"closed","ping_status":"closed","sticky":false,"template":"","format":"standard","meta":{"footnotes":""},"categories":[5],"tags":[],"class_list":["post-385","post","type-post","status-publish","format-standard","has-post-thumbnail","hentry","category-noticias"],"_links":{"self":[{"href":"https:\/\/www.cofradiavirgenperegrina.com\/index.php\/wp-json\/wp\/v2\/posts\/385","targetHints":{"allow":["GET"]}}],"collection":[{"href":"https:\/\/www.cofradiavirgenperegrina.com\/index.php\/wp-json\/wp\/v2\/posts"}],"about":[{"href":"https:\/\/www.cofradiavirgenperegrina.com\/index.php\/wp-json\/wp\/v2\/types\/post"}],"author":[{"embeddable":true,"href":"https:\/\/www.cofradiavirgenperegrina.com\/index.php\/wp-json\/wp\/v2\/users\/1"}],"replies":[{"embeddable":true,"href":"https:\/\/www.cofradiavirgenperegrina.com\/index.php\/wp-json\/wp\/v2\/comments?post=385"}],"version-history":[{"count":3,"href":"https:\/\/www.cofradiavirgenperegrina.com\/index.php\/wp-json\/wp\/v2\/posts\/385\/revisions"}],"predecessor-version":[{"id":389,"href":"https:\/\/www.cofradiavirgenperegrina.com\/index.php\/wp-json\/wp\/v2\/posts\/385\/revisions\/389"}],"wp:featuredmedia":[{"embeddable":true,"href":"https:\/\/www.cofradiavirgenperegrina.com\/index.php\/wp-json\/wp\/v2\/media\/387"}],"wp:attachment":[{"href":"https:\/\/www.cofradiavirgenperegrina.com\/index.php\/wp-json\/wp\/v2\/media?parent=385"}],"wp:term":[{"taxonomy":"category","embeddable":true,"href":"https:\/\/www.cofradiavirgenperegrina.com\/index.php\/wp-json\/wp\/v2\/categories?post=385"},{"taxonomy":"post_tag","embeddable":true,"href":"https:\/\/www.cofradiavirgenperegrina.com\/index.php\/wp-json\/wp\/v2\/tags?post=385"}],"curies":[{"name":"wp","href":"https:\/\/api.w.org\/{rel}","templated":true}]}}