{"id":390,"date":"2024-06-25T07:10:25","date_gmt":"2024-06-25T07:10:25","guid":{"rendered":"https:\/\/www.cofradiavirgenperegrina.com\/?p=390"},"modified":"2024-07-14T07:10:56","modified_gmt":"2024-07-14T07:10:56","slug":"peregrinos-de-todo-el-mundo-se-reunen-en-nuestro-santuario","status":"publish","type":"post","link":"https:\/\/www.cofradiavirgenperegrina.com\/index.php\/2024\/06\/25\/peregrinos-de-todo-el-mundo-se-reunen-en-nuestro-santuario\/","title":{"rendered":"Peregrinos de Todo el Mundo se Re\u00fanen en Nuestro Santuario"},"content":{"rendered":"\n<p>Muchas gracias a todos los peregrinos que esta semana han pasado por nuestro Santuario<\/p>\n\n\n\n<div class=\"wp-block-group\"><div class=\"wp-block-group__inner-container is-layout-constrained wp-block-group-is-layout-constrained\">\n<figure class=\"wp-block-gallery has-nested-images columns-default is-cropped wp-block-gallery-1 is-layout-flex wp-block-gallery-is-layout-flex\">\n<figure class=\"wp-block-image size-large\"><img loading=\"lazy\" decoding=\"async\" width=\"1024\" height=\"577\" data-id=\"410\" src=\"https:\/\/www.cofradiavirgenperegrina.com\/wp-content\/uploads\/2024\/07\/448961944_444677901661959_4217698462496749323_n-2-1024x577.jpg\" alt=\"\" class=\"wp-image-410\" srcset=\"https:\/\/www.cofradiavirgenperegrina.com\/wp-content\/uploads\/2024\/07\/448961944_444677901661959_4217698462496749323_n-2-1024x577.jpg 1024w, https:\/\/www.cofradiavirgenperegrina.com\/wp-content\/uploads\/2024\/07\/448961944_444677901661959_4217698462496749323_n-2-300x169.jpg 300w, https:\/\/www.cofradiavirgenperegrina.com\/wp-content\/uploads\/2024\/07\/448961944_444677901661959_4217698462496749323_n-2-768x432.jpg 768w, https:\/\/www.cofradiavirgenperegrina.com\/wp-content\/uploads\/2024\/07\/448961944_444677901661959_4217698462496749323_n-2-1536x865.jpg 1536w, https:\/\/www.cofradiavirgenperegrina.com\/wp-content\/uploads\/2024\/07\/448961944_444677901661959_4217698462496749323_n-2.jpg 2048w\" sizes=\"auto, (max-width: 1024px) 100vw, 1024px\" \/><\/figure>\n\n\n\n<figure class=\"wp-block-image size-large\"><img loading=\"lazy\" decoding=\"async\" width=\"577\" height=\"1024\" data-id=\"409\" src=\"https:\/\/www.cofradiavirgenperegrina.com\/wp-content\/uploads\/2024\/07\/448930242_444677874995295_9091541848399769055_n-2-577x1024.jpg\" alt=\"\" class=\"wp-image-409\" srcset=\"https:\/\/www.cofradiavirgenperegrina.com\/wp-content\/uploads\/2024\/07\/448930242_444677874995295_9091541848399769055_n-2-577x1024.jpg 577w, https:\/\/www.cofradiavirgenperegrina.com\/wp-content\/uploads\/2024\/07\/448930242_444677874995295_9091541848399769055_n-2-169x300.jpg 169w, https:\/\/www.cofradiavirgenperegrina.com\/wp-content\/uploads\/2024\/07\/448930242_444677874995295_9091541848399769055_n-2-768x1364.jpg 768w, https:\/\/www.cofradiavirgenperegrina.com\/wp-content\/uploads\/2024\/07\/448930242_444677874995295_9091541848399769055_n-2-865x1536.jpg 865w, https:\/\/www.cofradiavirgenperegrina.com\/wp-content\/uploads\/2024\/07\/448930242_444677874995295_9091541848399769055_n-2.jpg 1153w\" sizes=\"auto, (max-width: 577px) 100vw, 577px\" \/><\/figure>\n\n\n\n<figure class=\"wp-block-image size-large\"><img loading=\"lazy\" decoding=\"async\" width=\"577\" height=\"1024\" data-id=\"411\" src=\"https:\/\/www.cofradiavirgenperegrina.com\/wp-content\/uploads\/2024\/07\/448930406_444677841661965_108627860862826744_n-2-577x1024.jpg\" alt=\"\" class=\"wp-image-411\" srcset=\"https:\/\/www.cofradiavirgenperegrina.com\/wp-content\/uploads\/2024\/07\/448930406_444677841661965_108627860862826744_n-2-577x1024.jpg 577w, https:\/\/www.cofradiavirgenperegrina.com\/wp-content\/uploads\/2024\/07\/448930406_444677841661965_108627860862826744_n-2-169x300.jpg 169w, https:\/\/www.cofradiavirgenperegrina.com\/wp-content\/uploads\/2024\/07\/448930406_444677841661965_108627860862826744_n-2-768x1364.jpg 768w, https:\/\/www.cofradiavirgenperegrina.com\/wp-content\/uploads\/2024\/07\/448930406_444677841661965_108627860862826744_n-2-865x1536.jpg 865w, https:\/\/www.cofradiavirgenperegrina.com\/wp-content\/uploads\/2024\/07\/448930406_444677841661965_108627860862826744_n-2.jpg 1153w\" sizes=\"auto, (max-width: 577px) 100vw, 577px\" \/><\/figure>\n\n\n\n<figure class=\"wp-block-image size-large\"><img loading=\"lazy\" decoding=\"async\" width=\"338\" height=\"600\" data-id=\"405\" src=\"https:\/\/www.cofradiavirgenperegrina.com\/wp-content\/uploads\/2024\/07\/449110438_444677644995318_6253236513371313607_n-2.jpg\" alt=\"\" class=\"wp-image-405\" srcset=\"https:\/\/www.cofradiavirgenperegrina.com\/wp-content\/uploads\/2024\/07\/449110438_444677644995318_6253236513371313607_n-2.jpg 338w, https:\/\/www.cofradiavirgenperegrina.com\/wp-content\/uploads\/2024\/07\/449110438_444677644995318_6253236513371313607_n-2-169x300.jpg 169w\" sizes=\"auto, (max-width: 338px) 100vw, 338px\" \/><\/figure>\n\n\n\n<figure class=\"wp-block-image size-large\"><img loading=\"lazy\" decoding=\"async\" width=\"338\" height=\"600\" data-id=\"406\" src=\"https:\/\/www.cofradiavirgenperegrina.com\/wp-content\/uploads\/2024\/07\/448889723_444677798328636_4672305123993858281_n-2.jpg\" alt=\"\" class=\"wp-image-406\" srcset=\"https:\/\/www.cofradiavirgenperegrina.com\/wp-content\/uploads\/2024\/07\/448889723_444677798328636_4672305123993858281_n-2.jpg 338w, https:\/\/www.cofradiavirgenperegrina.com\/wp-content\/uploads\/2024\/07\/448889723_444677798328636_4672305123993858281_n-2-169x300.jpg 169w\" sizes=\"auto, (max-width: 338px) 100vw, 338px\" \/><\/figure>\n\n\n\n<figure class=\"wp-block-image size-large\"><img loading=\"lazy\" decoding=\"async\" width=\"338\" height=\"600\" data-id=\"407\" src=\"https:\/\/www.cofradiavirgenperegrina.com\/wp-content\/uploads\/2024\/07\/449134473_444677694995313_6780917519791898875_n-2.jpg\" alt=\"\" class=\"wp-image-407\" srcset=\"https:\/\/www.cofradiavirgenperegrina.com\/wp-content\/uploads\/2024\/07\/449134473_444677694995313_6780917519791898875_n-2.jpg 338w, https:\/\/www.cofradiavirgenperegrina.com\/wp-content\/uploads\/2024\/07\/449134473_444677694995313_6780917519791898875_n-2-169x300.jpg 169w\" sizes=\"auto, (max-width: 338px) 100vw, 338px\" \/><\/figure>\n\n\n\n<figure class=\"wp-block-image size-large\"><img loading=\"lazy\" decoding=\"async\" width=\"600\" height=\"338\" data-id=\"408\" src=\"https:\/\/www.cofradiavirgenperegrina.com\/wp-content\/uploads\/2024\/07\/448884032_444677614995321_1797588655062921307_n-2.jpg\" alt=\"\" class=\"wp-image-408\" srcset=\"https:\/\/www.cofradiavirgenperegrina.com\/wp-content\/uploads\/2024\/07\/448884032_444677614995321_1797588655062921307_n-2.jpg 600w, https:\/\/www.cofradiavirgenperegrina.com\/wp-content\/uploads\/2024\/07\/448884032_444677614995321_1797588655062921307_n-2-300x169.jpg 300w\" sizes=\"auto, (max-width: 600px) 100vw, 600px\" \/><\/figure>\n<\/figure>\n<\/div><\/div>\n\n\n\n<p>Hemos recibido dos grandes grupos de Polonia y Jap\u00f3n que han celebrado Misas en su propio idioma, adem\u00e1s de grupos de amigos, familiares, y aquellos que lo hacen en solitario pero siempre con la compa\u00f1\u00eda de la Virgen Peregrina.<\/p>\n\n\n\n<p>\u00a1Buen Camino!<\/p>\n","protected":false},"excerpt":{"rendered":"<p>Muchas gracias a todos los peregrinos que esta semana han pasado por nuestro Santuario Hemos recibido dos grandes grupos de Polonia y Jap\u00f3n que han celebrado Misas en su propio idioma, adem\u00e1s de grupos de amigos, familiares, y aquellos que lo hacen en solitario pero siempre con la compa\u00f1\u00eda de la Virgen Peregrina. \u00a1Buen Camino!<\/p>\n","protected":false},"author":1,"featured_media":410,"comment_status":"closed","ping_status":"closed","sticky":false,"template":"","format":"standard","meta":{"footnotes":""},"categories":[5],"tags":[],"class_list":["post-390","post","type-post","status-publish","format-standard","has-post-thumbnail","hentry","category-noticias"],"_links":{"self":[{"href":"https:\/\/www.cofradiavirgenperegrina.com\/index.php\/wp-json\/wp\/v2\/posts\/390","targetHints":{"allow":["GET"]}}],"collection":[{"href":"https:\/\/www.cofradiavirgenperegrina.com\/index.php\/wp-json\/wp\/v2\/posts"}],"about":[{"href":"https:\/\/www.cofradiavirgenperegrina.com\/index.php\/wp-json\/wp\/v2\/types\/post"}],"author":[{"embeddable":true,"href":"https:\/\/www.cofradiavirgenperegrina.com\/index.php\/wp-json\/wp\/v2\/users\/1"}],"replies":[{"embeddable":true,"href":"https:\/\/www.cofradiavirgenperegrina.com\/index.php\/wp-json\/wp\/v2\/comments?post=390"}],"version-history":[{"count":2,"href":"https:\/\/www.cofradiavirgenperegrina.com\/index.php\/wp-json\/wp\/v2\/posts\/390\/revisions"}],"predecessor-version":[{"id":413,"href":"https:\/\/www.cofradiavirgenperegrina.com\/index.php\/wp-json\/wp\/v2\/posts\/390\/revisions\/413"}],"wp:featuredmedia":[{"embeddable":true,"href":"https:\/\/www.cofradiavirgenperegrina.com\/index.php\/wp-json\/wp\/v2\/media\/410"}],"wp:attachment":[{"href":"https:\/\/www.cofradiavirgenperegrina.com\/index.php\/wp-json\/wp\/v2\/media?parent=390"}],"wp:term":[{"taxonomy":"category","embeddable":true,"href":"https:\/\/www.cofradiavirgenperegrina.com\/index.php\/wp-json\/wp\/v2\/categories?post=390"},{"taxonomy":"post_tag","embeddable":true,"href":"https:\/\/www.cofradiavirgenperegrina.com\/index.php\/wp-json\/wp\/v2\/tags?post=390"}],"curies":[{"name":"wp","href":"https:\/\/api.w.org\/{rel}","templated":true}]}}