{"id":422,"date":"2024-06-12T07:14:13","date_gmt":"2024-06-12T07:14:13","guid":{"rendered":"https:\/\/www.cofradiavirgenperegrina.com\/?p=422"},"modified":"2024-07-14T07:15:20","modified_gmt":"2024-07-14T07:15:20","slug":"peregrinos-internacionales-visitan-nuestro-santuario","status":"publish","type":"post","link":"https:\/\/www.cofradiavirgenperegrina.com\/index.php\/2024\/06\/12\/peregrinos-internacionales-visitan-nuestro-santuario\/","title":{"rendered":"Peregrinos Internacionales Visitan Nuestro Santuario"},"content":{"rendered":"\n<p>Hoy m\u00e1s peregrinos han hecho un alto en su camino para visitar nuestro Santuario<\/p>\n\n\n\n<p>Por una parte tenemos a un grupo de aproximadamente 30 peregrinos llegados de Rockford (Estados Unidos), que celebraron dos Misas a primera hora de la ma\u00f1ana antes de empezar sendas etapas<\/p>\n\n\n\n<p>Y por otro lado, todos los peregrinos que asistentes a nuestra Eucarist\u00eda diaria. Alemanes, franceses, italianos, coreanos, portugueses, espa\u00f1oles y de manera destacada mexicanos<\/p>\n\n\n\n<figure class=\"wp-block-gallery has-nested-images columns-default is-cropped wp-block-gallery-1 is-layout-flex wp-block-gallery-is-layout-flex\">\n<figure class=\"wp-block-image size-large\"><img loading=\"lazy\" decoding=\"async\" width=\"600\" height=\"338\" data-id=\"425\" src=\"https:\/\/www.cofradiavirgenperegrina.com\/wp-content\/uploads\/2024\/07\/448213827_437029605760122_2848089876319858099_n.jpg\" alt=\"\" class=\"wp-image-425\" srcset=\"https:\/\/www.cofradiavirgenperegrina.com\/wp-content\/uploads\/2024\/07\/448213827_437029605760122_2848089876319858099_n.jpg 600w, https:\/\/www.cofradiavirgenperegrina.com\/wp-content\/uploads\/2024\/07\/448213827_437029605760122_2848089876319858099_n-300x169.jpg 300w\" sizes=\"auto, (max-width: 600px) 100vw, 600px\" \/><\/figure>\n\n\n\n<figure class=\"wp-block-image size-large\"><img loading=\"lazy\" decoding=\"async\" width=\"338\" height=\"600\" data-id=\"423\" src=\"https:\/\/www.cofradiavirgenperegrina.com\/wp-content\/uploads\/2024\/07\/448173742_437029635760119_1282340917034223683_n.jpg\" alt=\"\" class=\"wp-image-423\" srcset=\"https:\/\/www.cofradiavirgenperegrina.com\/wp-content\/uploads\/2024\/07\/448173742_437029635760119_1282340917034223683_n.jpg 338w, https:\/\/www.cofradiavirgenperegrina.com\/wp-content\/uploads\/2024\/07\/448173742_437029635760119_1282340917034223683_n-169x300.jpg 169w\" sizes=\"auto, (max-width: 338px) 100vw, 338px\" \/><\/figure>\n\n\n\n<figure class=\"wp-block-image size-large\"><img loading=\"lazy\" decoding=\"async\" width=\"338\" height=\"600\" data-id=\"424\" src=\"https:\/\/www.cofradiavirgenperegrina.com\/wp-content\/uploads\/2024\/07\/448278458_437029582426791_7053783385807148227_n.jpg\" alt=\"\" class=\"wp-image-424\" srcset=\"https:\/\/www.cofradiavirgenperegrina.com\/wp-content\/uploads\/2024\/07\/448278458_437029582426791_7053783385807148227_n.jpg 338w, https:\/\/www.cofradiavirgenperegrina.com\/wp-content\/uploads\/2024\/07\/448278458_437029582426791_7053783385807148227_n-169x300.jpg 169w\" sizes=\"auto, (max-width: 338px) 100vw, 338px\" \/><\/figure>\n<\/figure>\n\n\n\n<p><a><\/a>Entre ellos estaba el Padre D. Luis Rodrigo de Guadalajara, que un a\u00f1o m\u00e1s nos visita acompa\u00f1ado de un grupo de parejas y matrimonios<\/p>\n\n\n\n<p>A todos ellos que la Virgen Peregrina os gu\u00ede y acompa\u00f1e en el Camino.<\/p>\n","protected":false},"excerpt":{"rendered":"<p>Hoy m\u00e1s peregrinos han hecho un alto en su camino para visitar nuestro Santuario Por una parte tenemos a un grupo de aproximadamente 30 peregrinos llegados de Rockford (Estados Unidos), que celebraron dos Misas a primera hora de la ma\u00f1ana antes de empezar sendas etapas Y por otro lado, todos los peregrinos que asistentes a&#8230;<\/p>\n","protected":false},"author":1,"featured_media":423,"comment_status":"closed","ping_status":"closed","sticky":false,"template":"","format":"standard","meta":{"footnotes":""},"categories":[5],"tags":[],"class_list":["post-422","post","type-post","status-publish","format-standard","has-post-thumbnail","hentry","category-noticias"],"_links":{"self":[{"href":"https:\/\/www.cofradiavirgenperegrina.com\/index.php\/wp-json\/wp\/v2\/posts\/422","targetHints":{"allow":["GET"]}}],"collection":[{"href":"https:\/\/www.cofradiavirgenperegrina.com\/index.php\/wp-json\/wp\/v2\/posts"}],"about":[{"href":"https:\/\/www.cofradiavirgenperegrina.com\/index.php\/wp-json\/wp\/v2\/types\/post"}],"author":[{"embeddable":true,"href":"https:\/\/www.cofradiavirgenperegrina.com\/index.php\/wp-json\/wp\/v2\/users\/1"}],"replies":[{"embeddable":true,"href":"https:\/\/www.cofradiavirgenperegrina.com\/index.php\/wp-json\/wp\/v2\/comments?post=422"}],"version-history":[{"count":1,"href":"https:\/\/www.cofradiavirgenperegrina.com\/index.php\/wp-json\/wp\/v2\/posts\/422\/revisions"}],"predecessor-version":[{"id":426,"href":"https:\/\/www.cofradiavirgenperegrina.com\/index.php\/wp-json\/wp\/v2\/posts\/422\/revisions\/426"}],"wp:featuredmedia":[{"embeddable":true,"href":"https:\/\/www.cofradiavirgenperegrina.com\/index.php\/wp-json\/wp\/v2\/media\/423"}],"wp:attachment":[{"href":"https:\/\/www.cofradiavirgenperegrina.com\/index.php\/wp-json\/wp\/v2\/media?parent=422"}],"wp:term":[{"taxonomy":"category","embeddable":true,"href":"https:\/\/www.cofradiavirgenperegrina.com\/index.php\/wp-json\/wp\/v2\/categories?post=422"},{"taxonomy":"post_tag","embeddable":true,"href":"https:\/\/www.cofradiavirgenperegrina.com\/index.php\/wp-json\/wp\/v2\/tags?post=422"}],"curies":[{"name":"wp","href":"https:\/\/api.w.org\/{rel}","templated":true}]}}