{"id":427,"date":"2024-06-10T07:15:43","date_gmt":"2024-06-10T07:15:43","guid":{"rendered":"https:\/\/www.cofradiavirgenperegrina.com\/?p=427"},"modified":"2024-07-14T07:17:01","modified_gmt":"2024-07-14T07:17:01","slug":"virgen-peregrina-en-el-camino-a-santiago","status":"publish","type":"post","link":"https:\/\/www.cofradiavirgenperegrina.com\/index.php\/2024\/06\/10\/virgen-peregrina-en-el-camino-a-santiago\/","title":{"rendered":"Virgen Peregrina en el Camino a Santiago"},"content":{"rendered":"\n<p>Que la Virgen Peregrina os gu\u00ede y acompa\u00f1e en vuestro camino a Santiago<\/p>\n\n\n\n<figure class=\"wp-block-gallery has-nested-images columns-default is-cropped wp-block-gallery-1 is-layout-flex wp-block-gallery-is-layout-flex\">\n<figure class=\"wp-block-image size-large\"><img loading=\"lazy\" decoding=\"async\" width=\"600\" height=\"338\" data-id=\"428\" src=\"https:\/\/www.cofradiavirgenperegrina.com\/wp-content\/uploads\/2024\/07\/448180912_435796595883423_9009119835682309853_n-copia.jpg\" alt=\"\" class=\"wp-image-428\" srcset=\"https:\/\/www.cofradiavirgenperegrina.com\/wp-content\/uploads\/2024\/07\/448180912_435796595883423_9009119835682309853_n-copia.jpg 600w, https:\/\/www.cofradiavirgenperegrina.com\/wp-content\/uploads\/2024\/07\/448180912_435796595883423_9009119835682309853_n-copia-300x169.jpg 300w\" sizes=\"auto, (max-width: 600px) 100vw, 600px\" \/><\/figure>\n\n\n\n<figure class=\"wp-block-image size-large\"><img loading=\"lazy\" decoding=\"async\" width=\"600\" height=\"338\" data-id=\"430\" src=\"https:\/\/www.cofradiavirgenperegrina.com\/wp-content\/uploads\/2024\/07\/448180912_435796595883423_9009119835682309853_n.jpg\" alt=\"\" class=\"wp-image-430\" srcset=\"https:\/\/www.cofradiavirgenperegrina.com\/wp-content\/uploads\/2024\/07\/448180912_435796595883423_9009119835682309853_n.jpg 600w, https:\/\/www.cofradiavirgenperegrina.com\/wp-content\/uploads\/2024\/07\/448180912_435796595883423_9009119835682309853_n-300x169.jpg 300w\" sizes=\"auto, (max-width: 600px) 100vw, 600px\" \/><\/figure>\n\n\n\n<figure class=\"wp-block-image size-large\"><img loading=\"lazy\" decoding=\"async\" width=\"338\" height=\"600\" data-id=\"429\" src=\"https:\/\/www.cofradiavirgenperegrina.com\/wp-content\/uploads\/2024\/07\/448162000_435796485883434_3158448005551879763_n.jpg\" alt=\"\" class=\"wp-image-429\" srcset=\"https:\/\/www.cofradiavirgenperegrina.com\/wp-content\/uploads\/2024\/07\/448162000_435796485883434_3158448005551879763_n.jpg 338w, https:\/\/www.cofradiavirgenperegrina.com\/wp-content\/uploads\/2024\/07\/448162000_435796485883434_3158448005551879763_n-169x300.jpg 169w\" sizes=\"auto, (max-width: 338px) 100vw, 338px\" \/><\/figure>\n<\/figure>\n\n\n\n<p>Gracias por acompa\u00f1arnos en la Eucarist\u00eda.<\/p>\n\n\n\n<p>\u00a1Buen Camino, ultreia et Suseia!<\/p>\n","protected":false},"excerpt":{"rendered":"<p>Que la Virgen Peregrina os gu\u00ede y acompa\u00f1e en vuestro camino a Santiago Gracias por acompa\u00f1arnos en la Eucarist\u00eda. \u00a1Buen Camino, ultreia et Suseia!<\/p>\n","protected":false},"author":1,"featured_media":429,"comment_status":"closed","ping_status":"closed","sticky":false,"template":"","format":"standard","meta":{"footnotes":""},"categories":[5],"tags":[],"class_list":["post-427","post","type-post","status-publish","format-standard","has-post-thumbnail","hentry","category-noticias"],"_links":{"self":[{"href":"https:\/\/www.cofradiavirgenperegrina.com\/index.php\/wp-json\/wp\/v2\/posts\/427","targetHints":{"allow":["GET"]}}],"collection":[{"href":"https:\/\/www.cofradiavirgenperegrina.com\/index.php\/wp-json\/wp\/v2\/posts"}],"about":[{"href":"https:\/\/www.cofradiavirgenperegrina.com\/index.php\/wp-json\/wp\/v2\/types\/post"}],"author":[{"embeddable":true,"href":"https:\/\/www.cofradiavirgenperegrina.com\/index.php\/wp-json\/wp\/v2\/users\/1"}],"replies":[{"embeddable":true,"href":"https:\/\/www.cofradiavirgenperegrina.com\/index.php\/wp-json\/wp\/v2\/comments?post=427"}],"version-history":[{"count":1,"href":"https:\/\/www.cofradiavirgenperegrina.com\/index.php\/wp-json\/wp\/v2\/posts\/427\/revisions"}],"predecessor-version":[{"id":431,"href":"https:\/\/www.cofradiavirgenperegrina.com\/index.php\/wp-json\/wp\/v2\/posts\/427\/revisions\/431"}],"wp:featuredmedia":[{"embeddable":true,"href":"https:\/\/www.cofradiavirgenperegrina.com\/index.php\/wp-json\/wp\/v2\/media\/429"}],"wp:attachment":[{"href":"https:\/\/www.cofradiavirgenperegrina.com\/index.php\/wp-json\/wp\/v2\/media?parent=427"}],"wp:term":[{"taxonomy":"category","embeddable":true,"href":"https:\/\/www.cofradiavirgenperegrina.com\/index.php\/wp-json\/wp\/v2\/categories?post=427"},{"taxonomy":"post_tag","embeddable":true,"href":"https:\/\/www.cofradiavirgenperegrina.com\/index.php\/wp-json\/wp\/v2\/tags?post=427"}],"curies":[{"name":"wp","href":"https:\/\/api.w.org\/{rel}","templated":true}]}}