{"id":436,"date":"2024-08-01T22:19:49","date_gmt":"2024-08-01T22:19:49","guid":{"rendered":"https:\/\/www.cofradiavirgenperegrina.com\/?p=436"},"modified":"2024-09-21T06:19:10","modified_gmt":"2024-09-21T06:19:10","slug":"cartel-de-las-fiestas-2024","status":"publish","type":"post","link":"https:\/\/www.cofradiavirgenperegrina.com\/index.php\/2024\/08\/01\/cartel-de-las-fiestas-2024\/","title":{"rendered":"Cartel de las fiestas 2024"},"content":{"rendered":"\n<p>La Cofrad\u00eda de la Virgen Peregrina tiene el gusto de presentarles el cartel de las fiestas 2024 en honor a Nuestra Se\u00f1ora la Virgen Peregrina.<\/p>\n\n\n\n<p>En este vienen especificadas todas las fechas y horas de cada una de las ceremonias que tendr\u00e1n lugar en nuestro Santuario, invitamos a todos los fieles a acompa\u00f1arnos en estos d\u00edas para juntos compartir nuestra fe en la Virgen Peregrina.<\/p>\n\n\n<div class=\"wp-block-image\">\n<figure class=\"aligncenter size-full\"><img loading=\"lazy\" decoding=\"async\" width=\"526\" height=\"808\" src=\"https:\/\/www.cofradiavirgenperegrina.com\/wp-content\/uploads\/2024\/08\/453504777_466626429467106_3360690688200146597_n-1.jpg\" alt=\"\" class=\"wp-image-437\" srcset=\"https:\/\/www.cofradiavirgenperegrina.com\/wp-content\/uploads\/2024\/08\/453504777_466626429467106_3360690688200146597_n-1.jpg 526w, https:\/\/www.cofradiavirgenperegrina.com\/wp-content\/uploads\/2024\/08\/453504777_466626429467106_3360690688200146597_n-1-195x300.jpg 195w\" sizes=\"auto, (max-width: 526px) 100vw, 526px\" \/><\/figure>\n<\/div>\n\n\n<p><\/p>\n","protected":false},"excerpt":{"rendered":"<p>La Cofrad\u00eda de la Virgen Peregrina tiene el gusto de presentarles el cartel de las fiestas 2024 en honor a Nuestra Se\u00f1ora la Virgen Peregrina. En este vienen especificadas todas las fechas y horas de cada una de las ceremonias que tendr\u00e1n lugar en nuestro Santuario, invitamos a todos los fieles a acompa\u00f1arnos en estos&#8230;<\/p>\n","protected":false},"author":1,"featured_media":272,"comment_status":"closed","ping_status":"open","sticky":false,"template":"","format":"standard","meta":{"footnotes":""},"categories":[5],"tags":[],"class_list":["post-436","post","type-post","status-publish","format-standard","has-post-thumbnail","hentry","category-noticias"],"_links":{"self":[{"href":"https:\/\/www.cofradiavirgenperegrina.com\/index.php\/wp-json\/wp\/v2\/posts\/436","targetHints":{"allow":["GET"]}}],"collection":[{"href":"https:\/\/www.cofradiavirgenperegrina.com\/index.php\/wp-json\/wp\/v2\/posts"}],"about":[{"href":"https:\/\/www.cofradiavirgenperegrina.com\/index.php\/wp-json\/wp\/v2\/types\/post"}],"author":[{"embeddable":true,"href":"https:\/\/www.cofradiavirgenperegrina.com\/index.php\/wp-json\/wp\/v2\/users\/1"}],"replies":[{"embeddable":true,"href":"https:\/\/www.cofradiavirgenperegrina.com\/index.php\/wp-json\/wp\/v2\/comments?post=436"}],"version-history":[{"count":1,"href":"https:\/\/www.cofradiavirgenperegrina.com\/index.php\/wp-json\/wp\/v2\/posts\/436\/revisions"}],"predecessor-version":[{"id":438,"href":"https:\/\/www.cofradiavirgenperegrina.com\/index.php\/wp-json\/wp\/v2\/posts\/436\/revisions\/438"}],"wp:featuredmedia":[{"embeddable":true,"href":"https:\/\/www.cofradiavirgenperegrina.com\/index.php\/wp-json\/wp\/v2\/media\/272"}],"wp:attachment":[{"href":"https:\/\/www.cofradiavirgenperegrina.com\/index.php\/wp-json\/wp\/v2\/media?parent=436"}],"wp:term":[{"taxonomy":"category","embeddable":true,"href":"https:\/\/www.cofradiavirgenperegrina.com\/index.php\/wp-json\/wp\/v2\/categories?post=436"},{"taxonomy":"post_tag","embeddable":true,"href":"https:\/\/www.cofradiavirgenperegrina.com\/index.php\/wp-json\/wp\/v2\/tags?post=436"}],"curies":[{"name":"wp","href":"https:\/\/api.w.org\/{rel}","templated":true}]}}