{"id":444,"date":"2024-09-11T06:12:47","date_gmt":"2024-09-11T06:12:47","guid":{"rendered":"https:\/\/www.cofradiavirgenperegrina.com\/?p=444"},"modified":"2024-09-21T06:14:32","modified_gmt":"2024-09-21T06:14:32","slug":"eregrinos-de-todo-el-mundo-unidos-en-su-camino-a-santiago","status":"publish","type":"post","link":"https:\/\/www.cofradiavirgenperegrina.com\/index.php\/2024\/09\/11\/eregrinos-de-todo-el-mundo-unidos-en-su-camino-a-santiago\/","title":{"rendered":"Peregrinos de Todo el Mundo Unidos en su Camino a Santiago"},"content":{"rendered":"\n<p>M\u00e9xico, Nicaragua, Colombia, Estados Unidos, El Salvador, Portugal, Polonia, Italia, Filipinas, Eslovenia y muchos espa\u00f1oles desde Sevilla, Murcia, M\u00e1laga, Jerez, Canarias, Alicante, Gij\u00f3n, Barcelona, Elche y as\u00ed una larga lista de peregrinos llegados desde diferentes rincones del mundo.<\/p>\n\n\n\n<figure class=\"wp-block-gallery has-nested-images columns-default is-cropped wp-block-gallery-1 is-layout-flex wp-block-gallery-is-layout-flex\">\n<figure class=\"wp-block-image size-large\"><img loading=\"lazy\" decoding=\"async\" width=\"1024\" height=\"576\" data-id=\"446\" src=\"https:\/\/www.cofradiavirgenperegrina.com\/wp-content\/uploads\/2024\/09\/459193027_493764210086661_596878920703586248_n-1024x576.jpg\" alt=\"\" class=\"wp-image-446\" srcset=\"https:\/\/www.cofradiavirgenperegrina.com\/wp-content\/uploads\/2024\/09\/459193027_493764210086661_596878920703586248_n-1024x576.jpg 1024w, https:\/\/www.cofradiavirgenperegrina.com\/wp-content\/uploads\/2024\/09\/459193027_493764210086661_596878920703586248_n-300x169.jpg 300w, https:\/\/www.cofradiavirgenperegrina.com\/wp-content\/uploads\/2024\/09\/459193027_493764210086661_596878920703586248_n-768x432.jpg 768w, https:\/\/www.cofradiavirgenperegrina.com\/wp-content\/uploads\/2024\/09\/459193027_493764210086661_596878920703586248_n-1536x864.jpg 1536w, https:\/\/www.cofradiavirgenperegrina.com\/wp-content\/uploads\/2024\/09\/459193027_493764210086661_596878920703586248_n.jpg 2048w\" sizes=\"auto, (max-width: 1024px) 100vw, 1024px\" \/><\/figure>\n\n\n\n<figure class=\"wp-block-image size-large\"><img loading=\"lazy\" decoding=\"async\" width=\"577\" height=\"1024\" data-id=\"448\" src=\"https:\/\/www.cofradiavirgenperegrina.com\/wp-content\/uploads\/2024\/09\/459226999_493760990086983_2067880750892988589_n-577x1024.jpg\" alt=\"\" class=\"wp-image-448\" srcset=\"https:\/\/www.cofradiavirgenperegrina.com\/wp-content\/uploads\/2024\/09\/459226999_493760990086983_2067880750892988589_n-577x1024.jpg 577w, https:\/\/www.cofradiavirgenperegrina.com\/wp-content\/uploads\/2024\/09\/459226999_493760990086983_2067880750892988589_n-169x300.jpg 169w, https:\/\/www.cofradiavirgenperegrina.com\/wp-content\/uploads\/2024\/09\/459226999_493760990086983_2067880750892988589_n-768x1364.jpg 768w, https:\/\/www.cofradiavirgenperegrina.com\/wp-content\/uploads\/2024\/09\/459226999_493760990086983_2067880750892988589_n-865x1536.jpg 865w, https:\/\/www.cofradiavirgenperegrina.com\/wp-content\/uploads\/2024\/09\/459226999_493760990086983_2067880750892988589_n.jpg 1153w\" sizes=\"auto, (max-width: 577px) 100vw, 577px\" \/><\/figure>\n\n\n\n<figure class=\"wp-block-image size-large\"><img loading=\"lazy\" decoding=\"async\" width=\"1024\" height=\"576\" data-id=\"450\" src=\"https:\/\/www.cofradiavirgenperegrina.com\/wp-content\/uploads\/2024\/09\/459197004_493760956753653_2164716489580034768_n-1024x576.jpg\" alt=\"\" class=\"wp-image-450\" srcset=\"https:\/\/www.cofradiavirgenperegrina.com\/wp-content\/uploads\/2024\/09\/459197004_493760956753653_2164716489580034768_n-1024x576.jpg 1024w, https:\/\/www.cofradiavirgenperegrina.com\/wp-content\/uploads\/2024\/09\/459197004_493760956753653_2164716489580034768_n-300x169.jpg 300w, https:\/\/www.cofradiavirgenperegrina.com\/wp-content\/uploads\/2024\/09\/459197004_493760956753653_2164716489580034768_n-768x432.jpg 768w, https:\/\/www.cofradiavirgenperegrina.com\/wp-content\/uploads\/2024\/09\/459197004_493760956753653_2164716489580034768_n-1536x864.jpg 1536w, https:\/\/www.cofradiavirgenperegrina.com\/wp-content\/uploads\/2024\/09\/459197004_493760956753653_2164716489580034768_n.jpg 2048w\" sizes=\"auto, (max-width: 1024px) 100vw, 1024px\" \/><\/figure>\n\n\n\n<figure class=\"wp-block-image size-large\"><img loading=\"lazy\" decoding=\"async\" width=\"1024\" height=\"576\" data-id=\"447\" src=\"https:\/\/www.cofradiavirgenperegrina.com\/wp-content\/uploads\/2024\/09\/459178349_493760896753659_4597613747414528093_n-1024x576.jpg\" alt=\"\" class=\"wp-image-447\" srcset=\"https:\/\/www.cofradiavirgenperegrina.com\/wp-content\/uploads\/2024\/09\/459178349_493760896753659_4597613747414528093_n-1024x576.jpg 1024w, https:\/\/www.cofradiavirgenperegrina.com\/wp-content\/uploads\/2024\/09\/459178349_493760896753659_4597613747414528093_n-300x169.jpg 300w, https:\/\/www.cofradiavirgenperegrina.com\/wp-content\/uploads\/2024\/09\/459178349_493760896753659_4597613747414528093_n-768x432.jpg 768w, https:\/\/www.cofradiavirgenperegrina.com\/wp-content\/uploads\/2024\/09\/459178349_493760896753659_4597613747414528093_n-1536x864.jpg 1536w, https:\/\/www.cofradiavirgenperegrina.com\/wp-content\/uploads\/2024\/09\/459178349_493760896753659_4597613747414528093_n.jpg 2048w\" sizes=\"auto, (max-width: 1024px) 100vw, 1024px\" \/><\/figure>\n\n\n\n<figure class=\"wp-block-image size-large\"><img loading=\"lazy\" decoding=\"async\" width=\"767\" height=\"1024\" data-id=\"445\" src=\"https:\/\/www.cofradiavirgenperegrina.com\/wp-content\/uploads\/2024\/09\/459078513_493760833420332_5154517026577665521_n-767x1024.jpg\" alt=\"\" class=\"wp-image-445\" srcset=\"https:\/\/www.cofradiavirgenperegrina.com\/wp-content\/uploads\/2024\/09\/459078513_493760833420332_5154517026577665521_n-767x1024.jpg 767w, https:\/\/www.cofradiavirgenperegrina.com\/wp-content\/uploads\/2024\/09\/459078513_493760833420332_5154517026577665521_n-225x300.jpg 225w, https:\/\/www.cofradiavirgenperegrina.com\/wp-content\/uploads\/2024\/09\/459078513_493760833420332_5154517026577665521_n-768x1026.jpg 768w, https:\/\/www.cofradiavirgenperegrina.com\/wp-content\/uploads\/2024\/09\/459078513_493760833420332_5154517026577665521_n.jpg 1078w\" sizes=\"auto, (max-width: 767px) 100vw, 767px\" \/><\/figure>\n\n\n\n<figure class=\"wp-block-image size-large\"><img loading=\"lazy\" decoding=\"async\" width=\"1024\" height=\"768\" data-id=\"449\" src=\"https:\/\/www.cofradiavirgenperegrina.com\/wp-content\/uploads\/2024\/09\/459051831_493760800087002_6669809266969162953_n-1024x768.jpg\" alt=\"\" class=\"wp-image-449\" srcset=\"https:\/\/www.cofradiavirgenperegrina.com\/wp-content\/uploads\/2024\/09\/459051831_493760800087002_6669809266969162953_n-1024x768.jpg 1024w, https:\/\/www.cofradiavirgenperegrina.com\/wp-content\/uploads\/2024\/09\/459051831_493760800087002_6669809266969162953_n-300x225.jpg 300w, https:\/\/www.cofradiavirgenperegrina.com\/wp-content\/uploads\/2024\/09\/459051831_493760800087002_6669809266969162953_n-768x576.jpg 768w, https:\/\/www.cofradiavirgenperegrina.com\/wp-content\/uploads\/2024\/09\/459051831_493760800087002_6669809266969162953_n-1536x1152.jpg 1536w, https:\/\/www.cofradiavirgenperegrina.com\/wp-content\/uploads\/2024\/09\/459051831_493760800087002_6669809266969162953_n.jpg 2048w\" sizes=\"auto, (max-width: 1024px) 100vw, 1024px\" \/><\/figure>\n\n\n\n<figure class=\"wp-block-image size-large\"><img loading=\"lazy\" decoding=\"async\" width=\"600\" height=\"338\" data-id=\"451\" src=\"https:\/\/www.cofradiavirgenperegrina.com\/wp-content\/uploads\/2024\/09\/459093525_493694663426949_4893284573887930616_n.jpg\" alt=\"\" class=\"wp-image-451\" srcset=\"https:\/\/www.cofradiavirgenperegrina.com\/wp-content\/uploads\/2024\/09\/459093525_493694663426949_4893284573887930616_n.jpg 600w, https:\/\/www.cofradiavirgenperegrina.com\/wp-content\/uploads\/2024\/09\/459093525_493694663426949_4893284573887930616_n-300x169.jpg 300w\" sizes=\"auto, (max-width: 600px) 100vw, 600px\" \/><\/figure>\n\n\n\n<figure class=\"wp-block-image size-large\"><img loading=\"lazy\" decoding=\"async\" width=\"600\" height=\"338\" data-id=\"452\" src=\"https:\/\/www.cofradiavirgenperegrina.com\/wp-content\/uploads\/2024\/09\/459218709_493694460093636_8823454974935638730_n.jpg\" alt=\"\" class=\"wp-image-452\" srcset=\"https:\/\/www.cofradiavirgenperegrina.com\/wp-content\/uploads\/2024\/09\/459218709_493694460093636_8823454974935638730_n.jpg 600w, https:\/\/www.cofradiavirgenperegrina.com\/wp-content\/uploads\/2024\/09\/459218709_493694460093636_8823454974935638730_n-300x169.jpg 300w\" sizes=\"auto, (max-width: 600px) 100vw, 600px\" \/><\/figure>\n\n\n\n<figure class=\"wp-block-image size-large\"><img loading=\"lazy\" decoding=\"async\" width=\"600\" height=\"338\" data-id=\"453\" src=\"https:\/\/www.cofradiavirgenperegrina.com\/wp-content\/uploads\/2024\/09\/459203802_493694603426955_7413440238815292644_n.jpg\" alt=\"\" class=\"wp-image-453\" srcset=\"https:\/\/www.cofradiavirgenperegrina.com\/wp-content\/uploads\/2024\/09\/459203802_493694603426955_7413440238815292644_n.jpg 600w, https:\/\/www.cofradiavirgenperegrina.com\/wp-content\/uploads\/2024\/09\/459203802_493694603426955_7413440238815292644_n-300x169.jpg 300w\" sizes=\"auto, (max-width: 600px) 100vw, 600px\" \/><\/figure>\n\n\n\n<figure class=\"wp-block-image size-large\"><img loading=\"lazy\" decoding=\"async\" width=\"600\" height=\"391\" data-id=\"454\" src=\"https:\/\/www.cofradiavirgenperegrina.com\/wp-content\/uploads\/2024\/09\/459058730_493694393426976_7831785156921041361_n.jpg\" alt=\"\" class=\"wp-image-454\" srcset=\"https:\/\/www.cofradiavirgenperegrina.com\/wp-content\/uploads\/2024\/09\/459058730_493694393426976_7831785156921041361_n.jpg 600w, https:\/\/www.cofradiavirgenperegrina.com\/wp-content\/uploads\/2024\/09\/459058730_493694393426976_7831785156921041361_n-300x196.jpg 300w\" sizes=\"auto, (max-width: 600px) 100vw, 600px\" \/><\/figure>\n<\/figure>\n\n\n\n<p>A todos ellos que la Virgen Peregrina os guie y acompa\u00f1e en el peregrinaje hacia Santiago<\/p>\n","protected":false},"excerpt":{"rendered":"<p>M\u00e9xico, Nicaragua, Colombia, Estados Unidos, El Salvador, Portugal, Polonia, Italia, Filipinas, Eslovenia y muchos espa\u00f1oles desde Sevilla, Murcia, M\u00e1laga, Jerez, Canarias, Alicante, Gij\u00f3n, Barcelona, Elche y as\u00ed una larga lista de peregrinos llegados desde diferentes rincones del mundo. A todos ellos que la Virgen Peregrina os guie y acompa\u00f1e en el peregrinaje hacia Santiago<\/p>\n","protected":false},"author":1,"featured_media":453,"comment_status":"closed","ping_status":"open","sticky":false,"template":"","format":"standard","meta":{"footnotes":""},"categories":[5],"tags":[],"class_list":["post-444","post","type-post","status-publish","format-standard","has-post-thumbnail","hentry","category-noticias"],"_links":{"self":[{"href":"https:\/\/www.cofradiavirgenperegrina.com\/index.php\/wp-json\/wp\/v2\/posts\/444","targetHints":{"allow":["GET"]}}],"collection":[{"href":"https:\/\/www.cofradiavirgenperegrina.com\/index.php\/wp-json\/wp\/v2\/posts"}],"about":[{"href":"https:\/\/www.cofradiavirgenperegrina.com\/index.php\/wp-json\/wp\/v2\/types\/post"}],"author":[{"embeddable":true,"href":"https:\/\/www.cofradiavirgenperegrina.com\/index.php\/wp-json\/wp\/v2\/users\/1"}],"replies":[{"embeddable":true,"href":"https:\/\/www.cofradiavirgenperegrina.com\/index.php\/wp-json\/wp\/v2\/comments?post=444"}],"version-history":[{"count":2,"href":"https:\/\/www.cofradiavirgenperegrina.com\/index.php\/wp-json\/wp\/v2\/posts\/444\/revisions"}],"predecessor-version":[{"id":456,"href":"https:\/\/www.cofradiavirgenperegrina.com\/index.php\/wp-json\/wp\/v2\/posts\/444\/revisions\/456"}],"wp:featuredmedia":[{"embeddable":true,"href":"https:\/\/www.cofradiavirgenperegrina.com\/index.php\/wp-json\/wp\/v2\/media\/453"}],"wp:attachment":[{"href":"https:\/\/www.cofradiavirgenperegrina.com\/index.php\/wp-json\/wp\/v2\/media?parent=444"}],"wp:term":[{"taxonomy":"category","embeddable":true,"href":"https:\/\/www.cofradiavirgenperegrina.com\/index.php\/wp-json\/wp\/v2\/categories?post=444"},{"taxonomy":"post_tag","embeddable":true,"href":"https:\/\/www.cofradiavirgenperegrina.com\/index.php\/wp-json\/wp\/v2\/tags?post=444"}],"curies":[{"name":"wp","href":"https:\/\/api.w.org\/{rel}","templated":true}]}}