{"id":457,"date":"2024-08-29T06:15:07","date_gmt":"2024-08-29T06:15:07","guid":{"rendered":"https:\/\/www.cofradiavirgenperegrina.com\/?p=457"},"modified":"2024-09-21T06:17:47","modified_gmt":"2024-09-21T06:17:47","slug":"ofrenda-anual-del-pontevedra-cf","status":"publish","type":"post","link":"https:\/\/www.cofradiavirgenperegrina.com\/index.php\/2024\/08\/29\/ofrenda-anual-del-pontevedra-cf\/","title":{"rendered":"Ofrenda Anual del Pontevedra CF"},"content":{"rendered":"\n<p>Esta ma\u00f1ana recibimos la tradicional visita del <a href=\"https:\/\/www.facebook.com\/PontevedraClubDeFutbol?__cft__[0]=AZVGXX5Y1fkyRL2KCp5T2dXIudnWR3TjYfw02wfRepyln1vB_mbcV7MQTsQqrPReGvyCOVvcOuQZlpBaobxXpAgka2RN8jFkTqTJ_k7QfhmwESCoZMBUTlQmPNjLArepaLFKS7HRb6YsY7Ly6dv0zGd6hr4mWB9Uf5vpMk4FKYVV3NE8VyBsvKvHAaHBrGVzhe3e8xqdnkaaBnIHKJ2QD8QjHifcmy6zrwasE9m61sBVdA&amp;__tn__=-]K-R\">Pontevedra Club de F\u00fatbol SAD<\/a>, que como todos los a\u00f1os hacen una ofrenda a los pies de la Virgen Peregrina para que interceda en los objetivos deportivos de esta nueva temporada que est\u00e1 a punto de comenzar.<\/p>\n\n\n\n<figure class=\"wp-block-gallery has-nested-images columns-default is-cropped wp-block-gallery-1 is-layout-flex wp-block-gallery-is-layout-flex\"><div class=\"wp-block-image\">\n<figure class=\"alignleft size-large\"><img loading=\"lazy\" decoding=\"async\" width=\"500\" height=\"261\" data-id=\"458\" src=\"https:\/\/www.cofradiavirgenperegrina.com\/wp-content\/uploads\/2024\/09\/15728174898537225462.jpg\" alt=\"\" class=\"wp-image-458\" srcset=\"https:\/\/www.cofradiavirgenperegrina.com\/wp-content\/uploads\/2024\/09\/15728174898537225462.jpg 500w, https:\/\/www.cofradiavirgenperegrina.com\/wp-content\/uploads\/2024\/09\/15728174898537225462-300x157.jpg 300w\" sizes=\"auto, (max-width: 500px) 100vw, 500px\" \/><\/figure>\n<\/div><\/figure>\n\n\n\n<p><\/p>\n","protected":false},"excerpt":{"rendered":"<p>Esta ma\u00f1ana recibimos la tradicional visita del Pontevedra Club de F\u00fatbol SAD, que como todos los a\u00f1os hacen una ofrenda a los pies de la Virgen Peregrina para que interceda en los objetivos deportivos de esta nueva temporada que est\u00e1 a punto de comenzar.<\/p>\n","protected":false},"author":1,"featured_media":458,"comment_status":"closed","ping_status":"open","sticky":false,"template":"","format":"standard","meta":{"footnotes":""},"categories":[5],"tags":[],"class_list":["post-457","post","type-post","status-publish","format-standard","has-post-thumbnail","hentry","category-noticias"],"_links":{"self":[{"href":"https:\/\/www.cofradiavirgenperegrina.com\/index.php\/wp-json\/wp\/v2\/posts\/457","targetHints":{"allow":["GET"]}}],"collection":[{"href":"https:\/\/www.cofradiavirgenperegrina.com\/index.php\/wp-json\/wp\/v2\/posts"}],"about":[{"href":"https:\/\/www.cofradiavirgenperegrina.com\/index.php\/wp-json\/wp\/v2\/types\/post"}],"author":[{"embeddable":true,"href":"https:\/\/www.cofradiavirgenperegrina.com\/index.php\/wp-json\/wp\/v2\/users\/1"}],"replies":[{"embeddable":true,"href":"https:\/\/www.cofradiavirgenperegrina.com\/index.php\/wp-json\/wp\/v2\/comments?post=457"}],"version-history":[{"count":1,"href":"https:\/\/www.cofradiavirgenperegrina.com\/index.php\/wp-json\/wp\/v2\/posts\/457\/revisions"}],"predecessor-version":[{"id":459,"href":"https:\/\/www.cofradiavirgenperegrina.com\/index.php\/wp-json\/wp\/v2\/posts\/457\/revisions\/459"}],"wp:featuredmedia":[{"embeddable":true,"href":"https:\/\/www.cofradiavirgenperegrina.com\/index.php\/wp-json\/wp\/v2\/media\/458"}],"wp:attachment":[{"href":"https:\/\/www.cofradiavirgenperegrina.com\/index.php\/wp-json\/wp\/v2\/media?parent=457"}],"wp:term":[{"taxonomy":"category","embeddable":true,"href":"https:\/\/www.cofradiavirgenperegrina.com\/index.php\/wp-json\/wp\/v2\/categories?post=457"},{"taxonomy":"post_tag","embeddable":true,"href":"https:\/\/www.cofradiavirgenperegrina.com\/index.php\/wp-json\/wp\/v2\/tags?post=457"}],"curies":[{"name":"wp","href":"https:\/\/api.w.org\/{rel}","templated":true}]}}