{"id":467,"date":"2024-10-29T13:31:00","date_gmt":"2024-10-29T13:31:00","guid":{"rendered":"https:\/\/www.cofradiavirgenperegrina.com\/?p=467"},"modified":"2024-11-11T13:32:47","modified_gmt":"2024-11-11T13:32:47","slug":"unidos-en-el-camino-peregrinos-de-todos-los-continentes-rumbo-a-santiago","status":"publish","type":"post","link":"https:\/\/www.cofradiavirgenperegrina.com\/index.php\/2024\/10\/29\/unidos-en-el-camino-peregrinos-de-todos-los-continentes-rumbo-a-santiago\/","title":{"rendered":"Unidos en el Camino: Peregrinos de Todos los Continentes Rumbo a Santiago"},"content":{"rendered":"\n<p>Canad\u00e1, Estados Unidos, Reino Unido, Per\u00fa, M\u00e9xico, Jap\u00f3n, Francia, Portugal, Filipinas, Polonia, Italia y muchos espa\u00f1oles desde Sevilla, Bilbao, Barcelona, Elche, Canarias, Oviedo, Cartagena, Almer\u00eda y as\u00ed muchos m\u00e1s llegados de diferentes rincones.<\/p>\n\n\n\n<figure class=\"wp-block-gallery has-nested-images columns-default is-cropped wp-block-gallery-1 is-layout-flex wp-block-gallery-is-layout-flex\">\n<figure class=\"wp-block-image size-large\"><img loading=\"lazy\" decoding=\"async\" width=\"338\" height=\"600\" data-id=\"469\" src=\"https:\/\/www.cofradiavirgenperegrina.com\/wp-content\/uploads\/2024\/11\/464951717_529025569893858_3284675831482201324_n.jpg\" alt=\"\" class=\"wp-image-469\" srcset=\"https:\/\/www.cofradiavirgenperegrina.com\/wp-content\/uploads\/2024\/11\/464951717_529025569893858_3284675831482201324_n.jpg 338w, https:\/\/www.cofradiavirgenperegrina.com\/wp-content\/uploads\/2024\/11\/464951717_529025569893858_3284675831482201324_n-169x300.jpg 169w\" sizes=\"auto, (max-width: 338px) 100vw, 338px\" \/><\/figure>\n\n\n\n<figure class=\"wp-block-image size-large\"><img loading=\"lazy\" decoding=\"async\" width=\"600\" height=\"338\" data-id=\"468\" src=\"https:\/\/www.cofradiavirgenperegrina.com\/wp-content\/uploads\/2024\/11\/464796352_529025856560496_9001310244811888173_n.jpg\" alt=\"\" class=\"wp-image-468\" srcset=\"https:\/\/www.cofradiavirgenperegrina.com\/wp-content\/uploads\/2024\/11\/464796352_529025856560496_9001310244811888173_n.jpg 600w, https:\/\/www.cofradiavirgenperegrina.com\/wp-content\/uploads\/2024\/11\/464796352_529025856560496_9001310244811888173_n-300x169.jpg 300w\" sizes=\"auto, (max-width: 600px) 100vw, 600px\" \/><\/figure>\n\n\n\n<figure class=\"wp-block-image size-large\"><img loading=\"lazy\" decoding=\"async\" width=\"600\" height=\"338\" data-id=\"471\" src=\"https:\/\/www.cofradiavirgenperegrina.com\/wp-content\/uploads\/2024\/11\/464584397_529025996560482_1487700787907220239_n.jpg\" alt=\"\" class=\"wp-image-471\" srcset=\"https:\/\/www.cofradiavirgenperegrina.com\/wp-content\/uploads\/2024\/11\/464584397_529025996560482_1487700787907220239_n.jpg 600w, https:\/\/www.cofradiavirgenperegrina.com\/wp-content\/uploads\/2024\/11\/464584397_529025996560482_1487700787907220239_n-300x169.jpg 300w\" sizes=\"auto, (max-width: 600px) 100vw, 600px\" \/><\/figure>\n\n\n\n<figure class=\"wp-block-image size-large\"><img loading=\"lazy\" decoding=\"async\" width=\"600\" height=\"338\" data-id=\"470\" src=\"https:\/\/www.cofradiavirgenperegrina.com\/wp-content\/uploads\/2024\/11\/464718972_529025683227180_3469548869727520183_n.jpg\" alt=\"\" class=\"wp-image-470\" srcset=\"https:\/\/www.cofradiavirgenperegrina.com\/wp-content\/uploads\/2024\/11\/464718972_529025683227180_3469548869727520183_n.jpg 600w, https:\/\/www.cofradiavirgenperegrina.com\/wp-content\/uploads\/2024\/11\/464718972_529025683227180_3469548869727520183_n-300x169.jpg 300w\" sizes=\"auto, (max-width: 600px) 100vw, 600px\" \/><\/figure>\n\n\n\n<figure class=\"wp-block-image size-large\"><img loading=\"lazy\" decoding=\"async\" width=\"600\" height=\"338\" data-id=\"472\" src=\"https:\/\/www.cofradiavirgenperegrina.com\/wp-content\/uploads\/2024\/11\/464915484_529025546560527_2493093367712429448_n.jpg\" alt=\"\" class=\"wp-image-472\" srcset=\"https:\/\/www.cofradiavirgenperegrina.com\/wp-content\/uploads\/2024\/11\/464915484_529025546560527_2493093367712429448_n.jpg 600w, https:\/\/www.cofradiavirgenperegrina.com\/wp-content\/uploads\/2024\/11\/464915484_529025546560527_2493093367712429448_n-300x169.jpg 300w\" sizes=\"auto, (max-width: 600px) 100vw, 600px\" \/><\/figure>\n<\/figure>\n\n\n\n<p>A todos ellos que la Virgen Peregrina os guie y acompa\u00f1e en el peregrinaje hacia Santiago<\/p>\n","protected":false},"excerpt":{"rendered":"<p>Canad\u00e1, Estados Unidos, Reino Unido, Per\u00fa, M\u00e9xico, Jap\u00f3n, Francia, Portugal, Filipinas, Polonia, Italia y muchos espa\u00f1oles desde Sevilla, Bilbao, Barcelona, Elche, Canarias, Oviedo, Cartagena, Almer\u00eda y as\u00ed muchos m\u00e1s llegados de diferentes rincones. A todos ellos que la Virgen Peregrina os guie y acompa\u00f1e en el peregrinaje hacia Santiago<\/p>\n","protected":false},"author":1,"featured_media":469,"comment_status":"closed","ping_status":"open","sticky":false,"template":"","format":"standard","meta":{"footnotes":""},"categories":[5],"tags":[],"class_list":["post-467","post","type-post","status-publish","format-standard","has-post-thumbnail","hentry","category-noticias"],"_links":{"self":[{"href":"https:\/\/www.cofradiavirgenperegrina.com\/index.php\/wp-json\/wp\/v2\/posts\/467","targetHints":{"allow":["GET"]}}],"collection":[{"href":"https:\/\/www.cofradiavirgenperegrina.com\/index.php\/wp-json\/wp\/v2\/posts"}],"about":[{"href":"https:\/\/www.cofradiavirgenperegrina.com\/index.php\/wp-json\/wp\/v2\/types\/post"}],"author":[{"embeddable":true,"href":"https:\/\/www.cofradiavirgenperegrina.com\/index.php\/wp-json\/wp\/v2\/users\/1"}],"replies":[{"embeddable":true,"href":"https:\/\/www.cofradiavirgenperegrina.com\/index.php\/wp-json\/wp\/v2\/comments?post=467"}],"version-history":[{"count":1,"href":"https:\/\/www.cofradiavirgenperegrina.com\/index.php\/wp-json\/wp\/v2\/posts\/467\/revisions"}],"predecessor-version":[{"id":473,"href":"https:\/\/www.cofradiavirgenperegrina.com\/index.php\/wp-json\/wp\/v2\/posts\/467\/revisions\/473"}],"wp:featuredmedia":[{"embeddable":true,"href":"https:\/\/www.cofradiavirgenperegrina.com\/index.php\/wp-json\/wp\/v2\/media\/469"}],"wp:attachment":[{"href":"https:\/\/www.cofradiavirgenperegrina.com\/index.php\/wp-json\/wp\/v2\/media?parent=467"}],"wp:term":[{"taxonomy":"category","embeddable":true,"href":"https:\/\/www.cofradiavirgenperegrina.com\/index.php\/wp-json\/wp\/v2\/categories?post=467"},{"taxonomy":"post_tag","embeddable":true,"href":"https:\/\/www.cofradiavirgenperegrina.com\/index.php\/wp-json\/wp\/v2\/tags?post=467"}],"curies":[{"name":"wp","href":"https:\/\/api.w.org\/{rel}","templated":true}]}}