{"id":491,"date":"2024-11-30T07:16:05","date_gmt":"2024-11-30T07:16:05","guid":{"rendered":"https:\/\/www.cofradiavirgenperegrina.com\/?p=491"},"modified":"2024-12-21T07:17:45","modified_gmt":"2024-12-21T07:17:45","slug":"comienza-el-adviento-tiempo-de-reflexion-y-esperanza","status":"publish","type":"post","link":"https:\/\/www.cofradiavirgenperegrina.com\/index.php\/2024\/11\/30\/comienza-el-adviento-tiempo-de-reflexion-y-esperanza\/","title":{"rendered":"Comienza el Adviento: Tiempo de Reflexi\u00f3n y Esperanza"},"content":{"rendered":"\n<p>Arranca el adviento, arrana el a\u00f1o lit\u00fargico. Y lo hace en un tiempo dedicado a la reflexi\u00f3n mientras esperamos el nacimiento de Jes\u00fas.<\/p>\n\n\n<div class=\"wp-block-image\">\n<figure class=\"aligncenter size-full\"><img loading=\"lazy\" decoding=\"async\" width=\"338\" height=\"600\" src=\"https:\/\/www.cofradiavirgenperegrina.com\/wp-content\/uploads\/2024\/12\/469906716_558392313623850_997328945917962275_n.jpg\" alt=\"\" class=\"wp-image-492\" srcset=\"https:\/\/www.cofradiavirgenperegrina.com\/wp-content\/uploads\/2024\/12\/469906716_558392313623850_997328945917962275_n.jpg 338w, https:\/\/www.cofradiavirgenperegrina.com\/wp-content\/uploads\/2024\/12\/469906716_558392313623850_997328945917962275_n-169x300.jpg 169w\" sizes=\"auto, (max-width: 338px) 100vw, 338px\" \/><\/figure>\n<\/div>\n\n\n<p>En preparaci\u00f3n a estos cuatro domingos ya tenemos nuestra corona de adviento colocada en el altar<img loading=\"lazy\" decoding=\"async\" height=\"16\" width=\"16\" alt=\"\ud83d\udd6f\" src=\"https:\/\/static.xx.fbcdn.net\/images\/emoji.php\/v9\/t7d\/1\/16\/1f56f.png\"><\/p>\n\n\n\n<p>Domingo a domingo iremos enciendo una llama, que simboliza la el triunfo de la luz sobre a la oscuridad que representa el d\u00eda de Navidad.<\/p>\n\n\n<div class=\"wp-block-image\">\n<figure class=\"aligncenter size-full\"><img loading=\"lazy\" decoding=\"async\" width=\"600\" height=\"452\" src=\"https:\/\/www.cofradiavirgenperegrina.com\/wp-content\/uploads\/2024\/12\/470124654_558392406957174_292223441079010928_n.jpg\" alt=\"\" class=\"wp-image-493\" srcset=\"https:\/\/www.cofradiavirgenperegrina.com\/wp-content\/uploads\/2024\/12\/470124654_558392406957174_292223441079010928_n.jpg 600w, https:\/\/www.cofradiavirgenperegrina.com\/wp-content\/uploads\/2024\/12\/470124654_558392406957174_292223441079010928_n-300x226.jpg 300w\" sizes=\"auto, (max-width: 600px) 100vw, 600px\" \/><\/figure>\n<\/div>\n\n\n<p><a><\/a>Tambi\u00e9n hemos engalanado nuestra fachada con estos rosetones de flores y muy pronto estar\u00e1 el nacimiento en el interior del Santuario<\/p>\n\n\n\n<p>\u00a1Feliz Adviento!<\/p>\n","protected":false},"excerpt":{"rendered":"<p>Arranca el adviento, arrana el a\u00f1o lit\u00fargico. Y lo hace en un tiempo dedicado a la reflexi\u00f3n mientras esperamos el nacimiento de Jes\u00fas. En preparaci\u00f3n a estos cuatro domingos ya tenemos nuestra corona de adviento colocada en el altar Domingo a domingo iremos enciendo una llama, que simboliza la el triunfo de la luz sobre&#8230;<\/p>\n","protected":false},"author":1,"featured_media":492,"comment_status":"open","ping_status":"open","sticky":false,"template":"","format":"standard","meta":{"footnotes":""},"categories":[5],"tags":[],"class_list":["post-491","post","type-post","status-publish","format-standard","has-post-thumbnail","hentry","category-noticias"],"_links":{"self":[{"href":"https:\/\/www.cofradiavirgenperegrina.com\/index.php\/wp-json\/wp\/v2\/posts\/491","targetHints":{"allow":["GET"]}}],"collection":[{"href":"https:\/\/www.cofradiavirgenperegrina.com\/index.php\/wp-json\/wp\/v2\/posts"}],"about":[{"href":"https:\/\/www.cofradiavirgenperegrina.com\/index.php\/wp-json\/wp\/v2\/types\/post"}],"author":[{"embeddable":true,"href":"https:\/\/www.cofradiavirgenperegrina.com\/index.php\/wp-json\/wp\/v2\/users\/1"}],"replies":[{"embeddable":true,"href":"https:\/\/www.cofradiavirgenperegrina.com\/index.php\/wp-json\/wp\/v2\/comments?post=491"}],"version-history":[{"count":1,"href":"https:\/\/www.cofradiavirgenperegrina.com\/index.php\/wp-json\/wp\/v2\/posts\/491\/revisions"}],"predecessor-version":[{"id":494,"href":"https:\/\/www.cofradiavirgenperegrina.com\/index.php\/wp-json\/wp\/v2\/posts\/491\/revisions\/494"}],"wp:featuredmedia":[{"embeddable":true,"href":"https:\/\/www.cofradiavirgenperegrina.com\/index.php\/wp-json\/wp\/v2\/media\/492"}],"wp:attachment":[{"href":"https:\/\/www.cofradiavirgenperegrina.com\/index.php\/wp-json\/wp\/v2\/media?parent=491"}],"wp:term":[{"taxonomy":"category","embeddable":true,"href":"https:\/\/www.cofradiavirgenperegrina.com\/index.php\/wp-json\/wp\/v2\/categories?post=491"},{"taxonomy":"post_tag","embeddable":true,"href":"https:\/\/www.cofradiavirgenperegrina.com\/index.php\/wp-json\/wp\/v2\/tags?post=491"}],"curies":[{"name":"wp","href":"https:\/\/api.w.org\/{rel}","templated":true}]}}