{"id":502,"date":"2025-02-04T17:02:29","date_gmt":"2025-02-04T17:02:29","guid":{"rendered":"https:\/\/www.cofradiavirgenperegrina.com\/?p=502"},"modified":"2025-02-21T17:05:39","modified_gmt":"2025-02-21T17:05:39","slug":"celebracion-de-la-candelaria-la-luz-de-cristo-en-nuestro-camino","status":"publish","type":"post","link":"https:\/\/www.cofradiavirgenperegrina.com\/index.php\/2025\/02\/04\/celebracion-de-la-candelaria-la-luz-de-cristo-en-nuestro-camino\/","title":{"rendered":"Celebraci\u00f3n de la Candelaria: La Luz de Cristo en Nuestro Camino"},"content":{"rendered":"\n<p>El pasado 2 de febrero celebramos el d\u00eda de la Presentaci\u00f3n del Se\u00f1or en el Templo, tambi\u00e9n conocido como la fiesta de la Candelaria.<\/p>\n\n\n\n<p>Por ello nuestra comunidad se reuni\u00f3 en la entrada del Santuario para arrancar desde ah\u00ed la celebraci\u00f3n con la bendici\u00f3n de las candelas, para posteriormente entrar juntos en procesi\u00f3n hacia el Santuario y continuar con la celebraci\u00f3n.<\/p>\n\n\n\n<figure class=\"wp-block-gallery has-nested-images columns-default is-cropped wp-block-gallery-1 is-layout-flex wp-block-gallery-is-layout-flex\">\n<figure class=\"wp-block-image size-large\"><img loading=\"lazy\" decoding=\"async\" width=\"576\" height=\"1024\" data-id=\"505\" src=\"https:\/\/www.cofradiavirgenperegrina.com\/wp-content\/uploads\/2025\/02\/475996551_597411026388645_5992912293327472048_n-576x1024.jpg\" alt=\"\" class=\"wp-image-505\" srcset=\"https:\/\/www.cofradiavirgenperegrina.com\/wp-content\/uploads\/2025\/02\/475996551_597411026388645_5992912293327472048_n-576x1024.jpg 576w, https:\/\/www.cofradiavirgenperegrina.com\/wp-content\/uploads\/2025\/02\/475996551_597411026388645_5992912293327472048_n-169x300.jpg 169w, https:\/\/www.cofradiavirgenperegrina.com\/wp-content\/uploads\/2025\/02\/475996551_597411026388645_5992912293327472048_n-768x1365.jpg 768w, https:\/\/www.cofradiavirgenperegrina.com\/wp-content\/uploads\/2025\/02\/475996551_597411026388645_5992912293327472048_n-864x1536.jpg 864w, https:\/\/www.cofradiavirgenperegrina.com\/wp-content\/uploads\/2025\/02\/475996551_597411026388645_5992912293327472048_n.jpg 1152w\" sizes=\"auto, (max-width: 576px) 100vw, 576px\" \/><\/figure>\n<\/figure>\n\n\n\n<p>En este d\u00eda celebramos como cuarenta d\u00edas despu\u00e9s de la Navidad llega el encuentro de la Sagrada Familia con <a><\/a>Sime\u00f3n y Ana; encuentro que simboliza el abrazo del Se\u00f1or con su pueblo.<\/p>\n\n\n\n<p>\u201cT\u00fa eres, Se\u00f1or, la luz que alumbra a las naciones y la gloria de tu pueblo, Israel\u201d<\/p>\n","protected":false},"excerpt":{"rendered":"<p>El pasado 2 de febrero celebramos el d\u00eda de la Presentaci\u00f3n del Se\u00f1or en el Templo, tambi\u00e9n conocido como la fiesta de la Candelaria. Por ello nuestra comunidad se reuni\u00f3 en la entrada del Santuario para arrancar desde ah\u00ed la celebraci\u00f3n con la bendici\u00f3n de las candelas, para posteriormente entrar juntos en procesi\u00f3n hacia el&#8230;<\/p>\n","protected":false},"author":1,"featured_media":504,"comment_status":"closed","ping_status":"open","sticky":false,"template":"","format":"standard","meta":{"footnotes":""},"categories":[5],"tags":[],"class_list":["post-502","post","type-post","status-publish","format-standard","has-post-thumbnail","hentry","category-noticias"],"_links":{"self":[{"href":"https:\/\/www.cofradiavirgenperegrina.com\/index.php\/wp-json\/wp\/v2\/posts\/502","targetHints":{"allow":["GET"]}}],"collection":[{"href":"https:\/\/www.cofradiavirgenperegrina.com\/index.php\/wp-json\/wp\/v2\/posts"}],"about":[{"href":"https:\/\/www.cofradiavirgenperegrina.com\/index.php\/wp-json\/wp\/v2\/types\/post"}],"author":[{"embeddable":true,"href":"https:\/\/www.cofradiavirgenperegrina.com\/index.php\/wp-json\/wp\/v2\/users\/1"}],"replies":[{"embeddable":true,"href":"https:\/\/www.cofradiavirgenperegrina.com\/index.php\/wp-json\/wp\/v2\/comments?post=502"}],"version-history":[{"count":3,"href":"https:\/\/www.cofradiavirgenperegrina.com\/index.php\/wp-json\/wp\/v2\/posts\/502\/revisions"}],"predecessor-version":[{"id":508,"href":"https:\/\/www.cofradiavirgenperegrina.com\/index.php\/wp-json\/wp\/v2\/posts\/502\/revisions\/508"}],"wp:featuredmedia":[{"embeddable":true,"href":"https:\/\/www.cofradiavirgenperegrina.com\/index.php\/wp-json\/wp\/v2\/media\/504"}],"wp:attachment":[{"href":"https:\/\/www.cofradiavirgenperegrina.com\/index.php\/wp-json\/wp\/v2\/media?parent=502"}],"wp:term":[{"taxonomy":"category","embeddable":true,"href":"https:\/\/www.cofradiavirgenperegrina.com\/index.php\/wp-json\/wp\/v2\/categories?post=502"},{"taxonomy":"post_tag","embeddable":true,"href":"https:\/\/www.cofradiavirgenperegrina.com\/index.php\/wp-json\/wp\/v2\/tags?post=502"}],"curies":[{"name":"wp","href":"https:\/\/api.w.org\/{rel}","templated":true}]}}