{"id":509,"date":"2025-01-22T17:06:26","date_gmt":"2025-01-22T17:06:26","guid":{"rendered":"https:\/\/www.cofradiavirgenperegrina.com\/?p=509"},"modified":"2025-02-21T17:07:28","modified_gmt":"2025-02-21T17:07:28","slug":"visita-institucional-al-santuario-preparativos-para-su-renovacion-en-2025","status":"publish","type":"post","link":"https:\/\/www.cofradiavirgenperegrina.com\/index.php\/2025\/01\/22\/visita-institucional-al-santuario-preparativos-para-su-renovacion-en-2025\/","title":{"rendered":"Visita Institucional al Santuario: Preparativos para su Renovaci\u00f3n en 2025"},"content":{"rendered":"\n<p>Esta semana recibimos una comitiva de la Deputaci\u00f3n de Pontevedra y de la Xunta de Galicia, encabezada por el conselleiro L\u00f3pez Campos para ver el estado actual del Santuario, unos meses antes de que se inicien los trabajos de renovaci\u00f3n.<\/p>\n\n\n\n<figure class=\"wp-block-image size-full\"><img loading=\"lazy\" decoding=\"async\" width=\"600\" height=\"338\" src=\"https:\/\/www.cofradiavirgenperegrina.com\/wp-content\/uploads\/2025\/02\/473537355_587066190756462_7417543352360420692_n.jpg\" alt=\"\" class=\"wp-image-510\" srcset=\"https:\/\/www.cofradiavirgenperegrina.com\/wp-content\/uploads\/2025\/02\/473537355_587066190756462_7417543352360420692_n.jpg 600w, https:\/\/www.cofradiavirgenperegrina.com\/wp-content\/uploads\/2025\/02\/473537355_587066190756462_7417543352360420692_n-300x169.jpg 300w\" sizes=\"auto, (max-width: 600px) 100vw, 600px\" \/><\/figure>\n\n\n\n<p>Unas obras que inicialmente se ejecutaran a lo largo de este 2025 a lo largo de 6 meses todav\u00eda por definir,<\/p>\n\n\n\n<p>En estas, se incluye la reparaci\u00f3n del tejado, la impermeabilizaci\u00f3n de la cubierta, reparaci\u00f3n de canelones y dem\u00e1s elementos escult\u00f3ricos<\/p>\n","protected":false},"excerpt":{"rendered":"<p>Esta semana recibimos una comitiva de la Deputaci\u00f3n de Pontevedra y de la Xunta de Galicia, encabezada por el conselleiro L\u00f3pez Campos para ver el estado actual del Santuario, unos meses antes de que se inicien los trabajos de renovaci\u00f3n. Unas obras que inicialmente se ejecutaran a lo largo de este 2025 a lo largo&#8230;<\/p>\n","protected":false},"author":1,"featured_media":510,"comment_status":"closed","ping_status":"open","sticky":false,"template":"","format":"standard","meta":{"footnotes":""},"categories":[5],"tags":[],"class_list":["post-509","post","type-post","status-publish","format-standard","has-post-thumbnail","hentry","category-noticias"],"_links":{"self":[{"href":"https:\/\/www.cofradiavirgenperegrina.com\/index.php\/wp-json\/wp\/v2\/posts\/509","targetHints":{"allow":["GET"]}}],"collection":[{"href":"https:\/\/www.cofradiavirgenperegrina.com\/index.php\/wp-json\/wp\/v2\/posts"}],"about":[{"href":"https:\/\/www.cofradiavirgenperegrina.com\/index.php\/wp-json\/wp\/v2\/types\/post"}],"author":[{"embeddable":true,"href":"https:\/\/www.cofradiavirgenperegrina.com\/index.php\/wp-json\/wp\/v2\/users\/1"}],"replies":[{"embeddable":true,"href":"https:\/\/www.cofradiavirgenperegrina.com\/index.php\/wp-json\/wp\/v2\/comments?post=509"}],"version-history":[{"count":1,"href":"https:\/\/www.cofradiavirgenperegrina.com\/index.php\/wp-json\/wp\/v2\/posts\/509\/revisions"}],"predecessor-version":[{"id":511,"href":"https:\/\/www.cofradiavirgenperegrina.com\/index.php\/wp-json\/wp\/v2\/posts\/509\/revisions\/511"}],"wp:featuredmedia":[{"embeddable":true,"href":"https:\/\/www.cofradiavirgenperegrina.com\/index.php\/wp-json\/wp\/v2\/media\/510"}],"wp:attachment":[{"href":"https:\/\/www.cofradiavirgenperegrina.com\/index.php\/wp-json\/wp\/v2\/media?parent=509"}],"wp:term":[{"taxonomy":"category","embeddable":true,"href":"https:\/\/www.cofradiavirgenperegrina.com\/index.php\/wp-json\/wp\/v2\/categories?post=509"},{"taxonomy":"post_tag","embeddable":true,"href":"https:\/\/www.cofradiavirgenperegrina.com\/index.php\/wp-json\/wp\/v2\/tags?post=509"}],"curies":[{"name":"wp","href":"https:\/\/api.w.org\/{rel}","templated":true}]}}