{"id":518,"date":"2025-04-19T17:13:22","date_gmt":"2025-04-19T17:13:22","guid":{"rendered":"https:\/\/www.cofradiavirgenperegrina.com\/?p=518"},"modified":"2025-05-11T16:55:55","modified_gmt":"2025-05-11T16:55:55","slug":"518","status":"publish","type":"post","link":"https:\/\/www.cofradiavirgenperegrina.com\/index.php\/2025\/04\/19\/518\/","title":{"rendered":"Peregrinos internacionales desaf\u00edan la lluvia en el Camino esta Semana Santa"},"content":{"rendered":"\n<p>La Semana Santa est\u00e1 siendo aprovechada por muchos peregrinos para lanzarse a hacer el Camino<\/p>\n\n\n\n<p>Las constantes lluvias no han sido impedimento para que peregrinos de Estados Unidos, Rep\u00fablica Dominicana, Reino Unido, M\u00e9xico, Francia, Brasil, Portugal, Polonia, Pa\u00edses Bajos y espa\u00f1oles llegados desde todos los rincones hicieran un alto en su peregrinaje para visitarnos.<\/p>\n\n\n\n<figure class=\"wp-block-image size-large\"><img loading=\"lazy\" decoding=\"async\" width=\"1024\" height=\"768\" src=\"https:\/\/www.cofradiavirgenperegrina.com\/wp-content\/uploads\/2025\/05\/491989531_651218847674529_5115670411475430257_n-1024x768.jpg\" alt=\"\" class=\"wp-image-519\" srcset=\"https:\/\/www.cofradiavirgenperegrina.com\/wp-content\/uploads\/2025\/05\/491989531_651218847674529_5115670411475430257_n-1024x768.jpg 1024w, https:\/\/www.cofradiavirgenperegrina.com\/wp-content\/uploads\/2025\/05\/491989531_651218847674529_5115670411475430257_n-300x225.jpg 300w, https:\/\/www.cofradiavirgenperegrina.com\/wp-content\/uploads\/2025\/05\/491989531_651218847674529_5115670411475430257_n-768x576.jpg 768w, https:\/\/www.cofradiavirgenperegrina.com\/wp-content\/uploads\/2025\/05\/491989531_651218847674529_5115670411475430257_n-1536x1152.jpg 1536w, https:\/\/www.cofradiavirgenperegrina.com\/wp-content\/uploads\/2025\/05\/491989531_651218847674529_5115670411475430257_n.jpg 2048w\" sizes=\"auto, (max-width: 1024px) 100vw, 1024px\" \/><\/figure>\n\n\n\n<p>A todos ellos que la Virgen Peregrina os guie y acompa\u00f1e en el peregrinaje hacia Santiago<\/p>\n\n\n\n<p><\/p>\n","protected":false},"excerpt":{"rendered":"<p>La Semana Santa est\u00e1 siendo aprovechada por muchos peregrinos para lanzarse a hacer el Camino Las constantes lluvias no han sido impedimento para que peregrinos de Estados Unidos, Rep\u00fablica Dominicana, Reino Unido, M\u00e9xico, Francia, Brasil, Portugal, Polonia, Pa\u00edses Bajos y espa\u00f1oles llegados desde todos los rincones hicieran un alto en su peregrinaje para visitarnos. A&#8230;<\/p>\n","protected":false},"author":1,"featured_media":519,"comment_status":"closed","ping_status":"open","sticky":false,"template":"","format":"standard","meta":{"footnotes":""},"categories":[5],"tags":[],"class_list":["post-518","post","type-post","status-publish","format-standard","has-post-thumbnail","hentry","category-noticias"],"_links":{"self":[{"href":"https:\/\/www.cofradiavirgenperegrina.com\/index.php\/wp-json\/wp\/v2\/posts\/518","targetHints":{"allow":["GET"]}}],"collection":[{"href":"https:\/\/www.cofradiavirgenperegrina.com\/index.php\/wp-json\/wp\/v2\/posts"}],"about":[{"href":"https:\/\/www.cofradiavirgenperegrina.com\/index.php\/wp-json\/wp\/v2\/types\/post"}],"author":[{"embeddable":true,"href":"https:\/\/www.cofradiavirgenperegrina.com\/index.php\/wp-json\/wp\/v2\/users\/1"}],"replies":[{"embeddable":true,"href":"https:\/\/www.cofradiavirgenperegrina.com\/index.php\/wp-json\/wp\/v2\/comments?post=518"}],"version-history":[{"count":3,"href":"https:\/\/www.cofradiavirgenperegrina.com\/index.php\/wp-json\/wp\/v2\/posts\/518\/revisions"}],"predecessor-version":[{"id":525,"href":"https:\/\/www.cofradiavirgenperegrina.com\/index.php\/wp-json\/wp\/v2\/posts\/518\/revisions\/525"}],"wp:featuredmedia":[{"embeddable":true,"href":"https:\/\/www.cofradiavirgenperegrina.com\/index.php\/wp-json\/wp\/v2\/media\/519"}],"wp:attachment":[{"href":"https:\/\/www.cofradiavirgenperegrina.com\/index.php\/wp-json\/wp\/v2\/media?parent=518"}],"wp:term":[{"taxonomy":"category","embeddable":true,"href":"https:\/\/www.cofradiavirgenperegrina.com\/index.php\/wp-json\/wp\/v2\/categories?post=518"},{"taxonomy":"post_tag","embeddable":true,"href":"https:\/\/www.cofradiavirgenperegrina.com\/index.php\/wp-json\/wp\/v2\/tags?post=518"}],"curies":[{"name":"wp","href":"https:\/\/api.w.org\/{rel}","templated":true}]}}