{"id":522,"date":"2025-04-10T17:15:06","date_gmt":"2025-04-10T17:15:06","guid":{"rendered":"https:\/\/www.cofradiavirgenperegrina.com\/?p=522"},"modified":"2025-05-09T17:16:56","modified_gmt":"2025-05-09T17:16:56","slug":"voces-polacas-resuenan-en-nuestra-eucaristia-peregrina","status":"publish","type":"post","link":"https:\/\/www.cofradiavirgenperegrina.com\/index.php\/2025\/04\/10\/voces-polacas-resuenan-en-nuestra-eucaristia-peregrina\/","title":{"rendered":"Voces polacas resuenan en nuestra Eucarist\u00eda peregrina"},"content":{"rendered":"\n<p>Hoy hemos recibido la visita de este grupo de polacas que se han unido a nuestra celebraci\u00f3n eucar\u00edstica<\/p>\n\n\n\n<p>Martina, la l\u00edder del grupo, accedi\u00f3 a proclamar la lectura y a deleitarnos con el canto del salmo en su propia lengua, siendo acompa\u00f1ada su voz con la de todas las integrantes del grupo.<\/p>\n\n\n\n<figure class=\"wp-block-image size-full\"><img loading=\"lazy\" decoding=\"async\" width=\"720\" height=\"540\" src=\"https:\/\/www.cofradiavirgenperegrina.com\/wp-content\/uploads\/2025\/05\/490577152_644548468341567_5495129656533043840_n.jpg\" alt=\"\" class=\"wp-image-523\" srcset=\"https:\/\/www.cofradiavirgenperegrina.com\/wp-content\/uploads\/2025\/05\/490577152_644548468341567_5495129656533043840_n.jpg 720w, https:\/\/www.cofradiavirgenperegrina.com\/wp-content\/uploads\/2025\/05\/490577152_644548468341567_5495129656533043840_n-300x225.jpg 300w\" sizes=\"auto, (max-width: 720px) 100vw, 720px\" \/><\/figure>\n\n\n\n<p>Junto a ellas m\u00e1s peregrinos de diferentes pa\u00edses nos acompa\u00f1aron en la celebraci\u00f3n.<\/p>\n\n\n\n<p>A <a><\/a>todos ellos, que la Virgen Peregrina os guie y acompa\u00f1e en el Camino y resto de vuestras vidas<\/p>\n","protected":false},"excerpt":{"rendered":"<p>Hoy hemos recibido la visita de este grupo de polacas que se han unido a nuestra celebraci\u00f3n eucar\u00edstica Martina, la l\u00edder del grupo, accedi\u00f3 a proclamar la lectura y a deleitarnos con el canto del salmo en su propia lengua, siendo acompa\u00f1ada su voz con la de todas las integrantes del grupo. Junto a ellas&#8230;<\/p>\n","protected":false},"author":1,"featured_media":523,"comment_status":"closed","ping_status":"open","sticky":false,"template":"","format":"standard","meta":{"footnotes":""},"categories":[5],"tags":[],"class_list":["post-522","post","type-post","status-publish","format-standard","has-post-thumbnail","hentry","category-noticias"],"_links":{"self":[{"href":"https:\/\/www.cofradiavirgenperegrina.com\/index.php\/wp-json\/wp\/v2\/posts\/522","targetHints":{"allow":["GET"]}}],"collection":[{"href":"https:\/\/www.cofradiavirgenperegrina.com\/index.php\/wp-json\/wp\/v2\/posts"}],"about":[{"href":"https:\/\/www.cofradiavirgenperegrina.com\/index.php\/wp-json\/wp\/v2\/types\/post"}],"author":[{"embeddable":true,"href":"https:\/\/www.cofradiavirgenperegrina.com\/index.php\/wp-json\/wp\/v2\/users\/1"}],"replies":[{"embeddable":true,"href":"https:\/\/www.cofradiavirgenperegrina.com\/index.php\/wp-json\/wp\/v2\/comments?post=522"}],"version-history":[{"count":1,"href":"https:\/\/www.cofradiavirgenperegrina.com\/index.php\/wp-json\/wp\/v2\/posts\/522\/revisions"}],"predecessor-version":[{"id":524,"href":"https:\/\/www.cofradiavirgenperegrina.com\/index.php\/wp-json\/wp\/v2\/posts\/522\/revisions\/524"}],"wp:featuredmedia":[{"embeddable":true,"href":"https:\/\/www.cofradiavirgenperegrina.com\/index.php\/wp-json\/wp\/v2\/media\/523"}],"wp:attachment":[{"href":"https:\/\/www.cofradiavirgenperegrina.com\/index.php\/wp-json\/wp\/v2\/media?parent=522"}],"wp:term":[{"taxonomy":"category","embeddable":true,"href":"https:\/\/www.cofradiavirgenperegrina.com\/index.php\/wp-json\/wp\/v2\/categories?post=522"},{"taxonomy":"post_tag","embeddable":true,"href":"https:\/\/www.cofradiavirgenperegrina.com\/index.php\/wp-json\/wp\/v2\/tags?post=522"}],"curies":[{"name":"wp","href":"https:\/\/api.w.org\/{rel}","templated":true}]}}