{"id":539,"date":"2025-07-21T21:15:14","date_gmt":"2025-07-21T21:15:14","guid":{"rendered":"https:\/\/www.cofradiavirgenperegrina.com\/?p=539"},"modified":"2025-09-20T06:59:03","modified_gmt":"2025-09-20T06:59:03","slug":"buen-camino-compartido-jovenes-peregrinos-y-sacerdotes-en-nuestra-eucaristia-dominical","status":"publish","type":"post","link":"https:\/\/www.cofradiavirgenperegrina.com\/index.php\/2025\/07\/21\/buen-camino-compartido-jovenes-peregrinos-y-sacerdotes-en-nuestra-eucaristia-dominical\/","title":{"rendered":"Buen Camino Compartido: J\u00f3venes Peregrinos y Sacerdotes en Nuestra Eucarist\u00eda Dominical"},"content":{"rendered":"\n<p>Este domingo recibimos la visita de un grupo de j\u00f3venes acompa\u00f1ados por tres sacerdotes, un venezolano, un colombiano y un espa\u00f1ol.<\/p>\n\n\n<div class=\"wp-block-image\">\n<figure class=\"aligncenter size-large is-resized\"><img loading=\"lazy\" decoding=\"async\" width=\"768\" height=\"1024\" src=\"https:\/\/www.cofradiavirgenperegrina.com\/wp-content\/uploads\/2025\/07\/522184132_720892110707202_7283768776000424506_n-1-768x1024.jpg\" alt=\"\" class=\"wp-image-540\" style=\"width:490px;height:auto\" srcset=\"https:\/\/www.cofradiavirgenperegrina.com\/wp-content\/uploads\/2025\/07\/522184132_720892110707202_7283768776000424506_n-1-768x1024.jpg 768w, https:\/\/www.cofradiavirgenperegrina.com\/wp-content\/uploads\/2025\/07\/522184132_720892110707202_7283768776000424506_n-1-225x300.jpg 225w, https:\/\/www.cofradiavirgenperegrina.com\/wp-content\/uploads\/2025\/07\/522184132_720892110707202_7283768776000424506_n-1-1152x1536.jpg 1152w, https:\/\/www.cofradiavirgenperegrina.com\/wp-content\/uploads\/2025\/07\/522184132_720892110707202_7283768776000424506_n-1.jpg 1200w\" sizes=\"auto, (max-width: 768px) 100vw, 768px\" \/><\/figure>\n<\/div>\n\n\n<p>Todos ellos se unieron a nuestra Eucarist\u00eda dominical, participando activamente en la proclamaci\u00f3n de las diferentes lecturas<\/p>\n\n\n\n<p>No es la primera vez que nos visitan por lo que esperamos de nuevo encontrarnos en 2026, pero antes de ello les deseamos un feliz camino rumbo a Santiago<\/p>\n\n\n\n<p><a><\/a>\u00a1Buen Camino, ultreia et Suseia!<\/p>\n\n\n\n<p><\/p>\n","protected":false},"excerpt":{"rendered":"<p>Este domingo recibimos la visita de un grupo de j\u00f3venes acompa\u00f1ados por tres sacerdotes, un venezolano, un colombiano y un espa\u00f1ol. Todos ellos se unieron a nuestra Eucarist\u00eda dominical, participando activamente en la proclamaci\u00f3n de las diferentes lecturas No es la primera vez que nos visitan por lo que esperamos de nuevo encontrarnos en 2026,&#8230;<\/p>\n","protected":false},"author":1,"featured_media":540,"comment_status":"closed","ping_status":"open","sticky":false,"template":"","format":"standard","meta":{"footnotes":""},"categories":[5],"tags":[],"class_list":["post-539","post","type-post","status-publish","format-standard","has-post-thumbnail","hentry","category-noticias"],"_links":{"self":[{"href":"https:\/\/www.cofradiavirgenperegrina.com\/index.php\/wp-json\/wp\/v2\/posts\/539","targetHints":{"allow":["GET"]}}],"collection":[{"href":"https:\/\/www.cofradiavirgenperegrina.com\/index.php\/wp-json\/wp\/v2\/posts"}],"about":[{"href":"https:\/\/www.cofradiavirgenperegrina.com\/index.php\/wp-json\/wp\/v2\/types\/post"}],"author":[{"embeddable":true,"href":"https:\/\/www.cofradiavirgenperegrina.com\/index.php\/wp-json\/wp\/v2\/users\/1"}],"replies":[{"embeddable":true,"href":"https:\/\/www.cofradiavirgenperegrina.com\/index.php\/wp-json\/wp\/v2\/comments?post=539"}],"version-history":[{"count":1,"href":"https:\/\/www.cofradiavirgenperegrina.com\/index.php\/wp-json\/wp\/v2\/posts\/539\/revisions"}],"predecessor-version":[{"id":541,"href":"https:\/\/www.cofradiavirgenperegrina.com\/index.php\/wp-json\/wp\/v2\/posts\/539\/revisions\/541"}],"wp:featuredmedia":[{"embeddable":true,"href":"https:\/\/www.cofradiavirgenperegrina.com\/index.php\/wp-json\/wp\/v2\/media\/540"}],"wp:attachment":[{"href":"https:\/\/www.cofradiavirgenperegrina.com\/index.php\/wp-json\/wp\/v2\/media?parent=539"}],"wp:term":[{"taxonomy":"category","embeddable":true,"href":"https:\/\/www.cofradiavirgenperegrina.com\/index.php\/wp-json\/wp\/v2\/categories?post=539"},{"taxonomy":"post_tag","embeddable":true,"href":"https:\/\/www.cofradiavirgenperegrina.com\/index.php\/wp-json\/wp\/v2\/tags?post=539"}],"curies":[{"name":"wp","href":"https:\/\/api.w.org\/{rel}","templated":true}]}}