{"id":542,"date":"2025-07-15T21:17:21","date_gmt":"2025-07-15T21:17:21","guid":{"rendered":"https:\/\/www.cofradiavirgenperegrina.com\/?p=542"},"modified":"2025-07-22T21:19:36","modified_gmt":"2025-07-22T21:19:36","slug":"eucaristia-polaca-al-sol-40-peregrinos-de-polonia-en-ruta-a-santiago","status":"publish","type":"post","link":"https:\/\/www.cofradiavirgenperegrina.com\/index.php\/2025\/07\/15\/eucaristia-polaca-al-sol-40-peregrinos-de-polonia-en-ruta-a-santiago\/","title":{"rendered":"Eucarist\u00eda Polaca al Sol: 40 Peregrinos de Polonia en Ruta a Santiago"},"content":{"rendered":"\n<p>Un nuevo numeroso grupo de 40 peregrinos llegados desde Polonia, han celebrado una Eucarist\u00eda en su idioma al t\u00e9rmino de un nuevo d\u00eda peregrinando bajo el sol.<\/p>\n\n\n\n<figure class=\"wp-block-image size-full\"><img loading=\"lazy\" decoding=\"async\" width=\"720\" height=\"539\" src=\"https:\/\/www.cofradiavirgenperegrina.com\/wp-content\/uploads\/2025\/07\/518113578_716208337842246_3527976337319785372_n.jpg\" alt=\"\" class=\"wp-image-543\" srcset=\"https:\/\/www.cofradiavirgenperegrina.com\/wp-content\/uploads\/2025\/07\/518113578_716208337842246_3527976337319785372_n.jpg 720w, https:\/\/www.cofradiavirgenperegrina.com\/wp-content\/uploads\/2025\/07\/518113578_716208337842246_3527976337319785372_n-300x225.jpg 300w\" sizes=\"auto, (max-width: 720px) 100vw, 720px\" \/><\/figure>\n\n\n\n<p>\u00a1Gracias por compartir con nosotros una parte de vuestra peregrinaci\u00f3n!<\/p>\n\n\n\n<p>Que la Virgen Peregrina os guie y acompa\u00f1e en vuestro camino a Santiago<\/p>\n\n\n\n<p><\/p>\n","protected":false},"excerpt":{"rendered":"<p>Un nuevo numeroso grupo de 40 peregrinos llegados desde Polonia, han celebrado una Eucarist\u00eda en su idioma al t\u00e9rmino de un nuevo d\u00eda peregrinando bajo el sol. \u00a1Gracias por compartir con nosotros una parte de vuestra peregrinaci\u00f3n! Que la Virgen Peregrina os guie y acompa\u00f1e en vuestro camino a Santiago<\/p>\n","protected":false},"author":1,"featured_media":543,"comment_status":"closed","ping_status":"open","sticky":false,"template":"","format":"standard","meta":{"footnotes":""},"categories":[5],"tags":[],"class_list":["post-542","post","type-post","status-publish","format-standard","has-post-thumbnail","hentry","category-noticias"],"_links":{"self":[{"href":"https:\/\/www.cofradiavirgenperegrina.com\/index.php\/wp-json\/wp\/v2\/posts\/542","targetHints":{"allow":["GET"]}}],"collection":[{"href":"https:\/\/www.cofradiavirgenperegrina.com\/index.php\/wp-json\/wp\/v2\/posts"}],"about":[{"href":"https:\/\/www.cofradiavirgenperegrina.com\/index.php\/wp-json\/wp\/v2\/types\/post"}],"author":[{"embeddable":true,"href":"https:\/\/www.cofradiavirgenperegrina.com\/index.php\/wp-json\/wp\/v2\/users\/1"}],"replies":[{"embeddable":true,"href":"https:\/\/www.cofradiavirgenperegrina.com\/index.php\/wp-json\/wp\/v2\/comments?post=542"}],"version-history":[{"count":1,"href":"https:\/\/www.cofradiavirgenperegrina.com\/index.php\/wp-json\/wp\/v2\/posts\/542\/revisions"}],"predecessor-version":[{"id":544,"href":"https:\/\/www.cofradiavirgenperegrina.com\/index.php\/wp-json\/wp\/v2\/posts\/542\/revisions\/544"}],"wp:featuredmedia":[{"embeddable":true,"href":"https:\/\/www.cofradiavirgenperegrina.com\/index.php\/wp-json\/wp\/v2\/media\/543"}],"wp:attachment":[{"href":"https:\/\/www.cofradiavirgenperegrina.com\/index.php\/wp-json\/wp\/v2\/media?parent=542"}],"wp:term":[{"taxonomy":"category","embeddable":true,"href":"https:\/\/www.cofradiavirgenperegrina.com\/index.php\/wp-json\/wp\/v2\/categories?post=542"},{"taxonomy":"post_tag","embeddable":true,"href":"https:\/\/www.cofradiavirgenperegrina.com\/index.php\/wp-json\/wp\/v2\/tags?post=542"}],"curies":[{"name":"wp","href":"https:\/\/api.w.org\/{rel}","templated":true}]}}