{"id":545,"date":"2025-07-08T21:19:59","date_gmt":"2025-07-08T21:19:59","guid":{"rendered":"https:\/\/www.cofradiavirgenperegrina.com\/?p=545"},"modified":"2025-07-22T21:20:56","modified_gmt":"2025-07-22T21:20:56","slug":"eucaristia-escocesa-de-gratitud-20-peregrinos-y-un-sacerdote-en-nuestro-santuario","status":"publish","type":"post","link":"https:\/\/www.cofradiavirgenperegrina.com\/index.php\/2025\/07\/08\/eucaristia-escocesa-de-gratitud-20-peregrinos-y-un-sacerdote-en-nuestro-santuario\/","title":{"rendered":"Eucarist\u00eda Escocesa de Gratitud: 20 Peregrinos y un Sacerdote en Nuestro Santuario"},"content":{"rendered":"\n<p>Se acerca la fiesta del Ap\u00f3stol y cada vez son m\u00e1s los peregrinos que se encuentran realizando el Camino.<\/p>\n\n\n<div class=\"wp-block-image\">\n<figure class=\"aligncenter size-full\"><img loading=\"lazy\" decoding=\"async\" width=\"960\" height=\"540\" src=\"https:\/\/www.cofradiavirgenperegrina.com\/wp-content\/uploads\/2025\/07\/518995672_716206837842396_8972106495333394583_n.jpg\" alt=\"\" class=\"wp-image-546\" srcset=\"https:\/\/www.cofradiavirgenperegrina.com\/wp-content\/uploads\/2025\/07\/518995672_716206837842396_8972106495333394583_n.jpg 960w, https:\/\/www.cofradiavirgenperegrina.com\/wp-content\/uploads\/2025\/07\/518995672_716206837842396_8972106495333394583_n-300x169.jpg 300w, https:\/\/www.cofradiavirgenperegrina.com\/wp-content\/uploads\/2025\/07\/518995672_716206837842396_8972106495333394583_n-768x432.jpg 768w\" sizes=\"auto, (max-width: 960px) 100vw, 960px\" \/><\/figure>\n<\/div>\n\n\n<p>En imagen unos 20 escoceses acompa\u00f1ados de un sacerdote que se detuvieron en nuestro Santuario para celebrar una Eucarist\u00eda en acci\u00f3n de gracias por un nuevo d\u00eda de peregrinaje finalizado<\/p>\n\n\n\n<p>\u00a1Buen Camino, ultreia et Suseia!<\/p>\n","protected":false},"excerpt":{"rendered":"<p>Se acerca la fiesta del Ap\u00f3stol y cada vez son m\u00e1s los peregrinos que se encuentran realizando el Camino. En imagen unos 20 escoceses acompa\u00f1ados de un sacerdote que se detuvieron en nuestro Santuario para celebrar una Eucarist\u00eda en acci\u00f3n de gracias por un nuevo d\u00eda de peregrinaje finalizado \u00a1Buen Camino, ultreia et Suseia!<\/p>\n","protected":false},"author":1,"featured_media":546,"comment_status":"closed","ping_status":"open","sticky":false,"template":"","format":"standard","meta":{"footnotes":""},"categories":[5],"tags":[],"class_list":["post-545","post","type-post","status-publish","format-standard","has-post-thumbnail","hentry","category-noticias"],"_links":{"self":[{"href":"https:\/\/www.cofradiavirgenperegrina.com\/index.php\/wp-json\/wp\/v2\/posts\/545","targetHints":{"allow":["GET"]}}],"collection":[{"href":"https:\/\/www.cofradiavirgenperegrina.com\/index.php\/wp-json\/wp\/v2\/posts"}],"about":[{"href":"https:\/\/www.cofradiavirgenperegrina.com\/index.php\/wp-json\/wp\/v2\/types\/post"}],"author":[{"embeddable":true,"href":"https:\/\/www.cofradiavirgenperegrina.com\/index.php\/wp-json\/wp\/v2\/users\/1"}],"replies":[{"embeddable":true,"href":"https:\/\/www.cofradiavirgenperegrina.com\/index.php\/wp-json\/wp\/v2\/comments?post=545"}],"version-history":[{"count":1,"href":"https:\/\/www.cofradiavirgenperegrina.com\/index.php\/wp-json\/wp\/v2\/posts\/545\/revisions"}],"predecessor-version":[{"id":547,"href":"https:\/\/www.cofradiavirgenperegrina.com\/index.php\/wp-json\/wp\/v2\/posts\/545\/revisions\/547"}],"wp:featuredmedia":[{"embeddable":true,"href":"https:\/\/www.cofradiavirgenperegrina.com\/index.php\/wp-json\/wp\/v2\/media\/546"}],"wp:attachment":[{"href":"https:\/\/www.cofradiavirgenperegrina.com\/index.php\/wp-json\/wp\/v2\/media?parent=545"}],"wp:term":[{"taxonomy":"category","embeddable":true,"href":"https:\/\/www.cofradiavirgenperegrina.com\/index.php\/wp-json\/wp\/v2\/categories?post=545"},{"taxonomy":"post_tag","embeddable":true,"href":"https:\/\/www.cofradiavirgenperegrina.com\/index.php\/wp-json\/wp\/v2\/tags?post=545"}],"curies":[{"name":"wp","href":"https:\/\/api.w.org\/{rel}","templated":true}]}}