{"id":548,"date":"2025-06-12T21:21:26","date_gmt":"2025-06-12T21:21:26","guid":{"rendered":"https:\/\/www.cofradiavirgenperegrina.com\/?p=548"},"modified":"2025-07-22T21:34:05","modified_gmt":"2025-07-22T21:34:05","slug":"eucaristia-en-polaco-en-el-camino-portugues-mas-de-40-peregrinos-unidos-en-fe","status":"publish","type":"post","link":"https:\/\/www.cofradiavirgenperegrina.com\/index.php\/2025\/06\/12\/eucaristia-en-polaco-en-el-camino-portugues-mas-de-40-peregrinos-unidos-en-fe\/","title":{"rendered":"Eucarist\u00eda en Polaco en el Camino Portugu\u00e9s: M\u00e1s de 40 Peregrinos Unidos en Fe"},"content":{"rendered":"\n<p>Los peregrinos europeos que m\u00e1s nos han visitado este a\u00f1o, siguiendo la senda de a\u00f1os anteriores, son los llegados de Polonia.<\/p>\n\n\n<div class=\"wp-block-image\">\n<figure class=\"aligncenter size-full\"><img loading=\"lazy\" decoding=\"async\" width=\"600\" height=\"338\" src=\"https:\/\/www.cofradiavirgenperegrina.com\/wp-content\/uploads\/2025\/07\/506634885_690343817095365_9208439283228260883_n.jpg\" alt=\"\" class=\"wp-image-549\" srcset=\"https:\/\/www.cofradiavirgenperegrina.com\/wp-content\/uploads\/2025\/07\/506634885_690343817095365_9208439283228260883_n.jpg 600w, https:\/\/www.cofradiavirgenperegrina.com\/wp-content\/uploads\/2025\/07\/506634885_690343817095365_9208439283228260883_n-300x169.jpg 300w\" sizes=\"auto, (max-width: 600px) 100vw, 600px\" \/><\/figure>\n<\/div>\n\n\n<p>Diariamente se unen a nuestra Eucarist\u00eda, y en ocasiones como esta, si vienen peregrinando con un sacerdote de su comunidad, celebran la Santa Misa en su idioma.<\/p>\n\n\n\n<p>En imagen, un grupo de m\u00e1s de 40 polacos realizando el Camino Portugu\u00e9s a Santiago<\/p>\n\n\n\n<p>Su <a><\/a>presencia nos recuerda que el Camino une corazones de todo el mundo. \u00a1Gracias por vuestra visita y por el testimonio de fe que tra\u00e9is con vosotros!<\/p>\n\n\n\n<p>\u017byczymy dobrej drogi \u2014 \u00a1Buen camino!<\/p>\n","protected":false},"excerpt":{"rendered":"<p>Los peregrinos europeos que m\u00e1s nos han visitado este a\u00f1o, siguiendo la senda de a\u00f1os anteriores, son los llegados de Polonia. Diariamente se unen a nuestra Eucarist\u00eda, y en ocasiones como esta, si vienen peregrinando con un sacerdote de su comunidad, celebran la Santa Misa en su idioma. En imagen, un grupo de m\u00e1s de&#8230;<\/p>\n","protected":false},"author":1,"featured_media":549,"comment_status":"closed","ping_status":"open","sticky":false,"template":"","format":"standard","meta":{"footnotes":""},"categories":[5],"tags":[],"class_list":["post-548","post","type-post","status-publish","format-standard","has-post-thumbnail","hentry","category-noticias"],"_links":{"self":[{"href":"https:\/\/www.cofradiavirgenperegrina.com\/index.php\/wp-json\/wp\/v2\/posts\/548","targetHints":{"allow":["GET"]}}],"collection":[{"href":"https:\/\/www.cofradiavirgenperegrina.com\/index.php\/wp-json\/wp\/v2\/posts"}],"about":[{"href":"https:\/\/www.cofradiavirgenperegrina.com\/index.php\/wp-json\/wp\/v2\/types\/post"}],"author":[{"embeddable":true,"href":"https:\/\/www.cofradiavirgenperegrina.com\/index.php\/wp-json\/wp\/v2\/users\/1"}],"replies":[{"embeddable":true,"href":"https:\/\/www.cofradiavirgenperegrina.com\/index.php\/wp-json\/wp\/v2\/comments?post=548"}],"version-history":[{"count":1,"href":"https:\/\/www.cofradiavirgenperegrina.com\/index.php\/wp-json\/wp\/v2\/posts\/548\/revisions"}],"predecessor-version":[{"id":550,"href":"https:\/\/www.cofradiavirgenperegrina.com\/index.php\/wp-json\/wp\/v2\/posts\/548\/revisions\/550"}],"wp:featuredmedia":[{"embeddable":true,"href":"https:\/\/www.cofradiavirgenperegrina.com\/index.php\/wp-json\/wp\/v2\/media\/549"}],"wp:attachment":[{"href":"https:\/\/www.cofradiavirgenperegrina.com\/index.php\/wp-json\/wp\/v2\/media?parent=548"}],"wp:term":[{"taxonomy":"category","embeddable":true,"href":"https:\/\/www.cofradiavirgenperegrina.com\/index.php\/wp-json\/wp\/v2\/categories?post=548"},{"taxonomy":"post_tag","embeddable":true,"href":"https:\/\/www.cofradiavirgenperegrina.com\/index.php\/wp-json\/wp\/v2\/tags?post=548"}],"curies":[{"name":"wp","href":"https:\/\/api.w.org\/{rel}","templated":true}]}}