{"id":551,"date":"2025-06-05T21:34:34","date_gmt":"2025-06-05T21:34:34","guid":{"rendered":"https:\/\/www.cofradiavirgenperegrina.com\/?p=551"},"modified":"2025-07-22T21:46:50","modified_gmt":"2025-07-22T21:46:50","slug":"concierto-coral-iowense-improvisado-jovenes-cantores-honran-a-la-virgen-maria-frente-al-altar","status":"publish","type":"post","link":"https:\/\/www.cofradiavirgenperegrina.com\/index.php\/2025\/06\/05\/concierto-coral-iowense-improvisado-jovenes-cantores-honran-a-la-virgen-maria-frente-al-altar\/","title":{"rendered":"Concierto Coral Iowense Improvisado: J\u00f3venes Cantores Honran a la Virgen Mar\u00eda Frente al Altar"},"content":{"rendered":"\n<p>Hoy tuvimos el placer de recibir la visita de una peque\u00f1a coral llegada de Iowa (Estados Unidos)<\/p>\n\n\n\n<p>De una manera improvisada este grupo de j\u00f3venes se juntaron frente al altar, y nos deleitaron con un peque\u00f1o concierto de cantos dedicados a la Virgen Mar\u00eda<\/p>\n\n\n\n<p>Aqu\u00ed un peque\u00f1o extracto con uno de los cantos interpretados<\/p>\n\n\n\n<iframe loading=\"lazy\" src=\"https:\/\/www.facebook.com\/plugins\/video.php?height=476&#038;href=https%3A%2F%2Fwww.facebook.com%2Fsantuariovirgenperegrina%2Fvideos%2F575374365611800%2F&#038;show_text=false&#038;width=267&#038;t=0\" width=\"267\" height=\"476\" style=\"border:none;overflow:hidden\" scrolling=\"no\" frameborder=\"0\" allowfullscreen=\"true\" allow=\"autoplay; clipboard-write; encrypted-media; picture-in-picture; web-share\" allowFullScreen=\"true\"><\/iframe>\n\n\n\n<p><a><\/a>\u00a1Muchas gracias por vuestra visita y buen camino!<\/p>\n\n\n\n<p><\/p>\n","protected":false},"excerpt":{"rendered":"<p>Hoy tuvimos el placer de recibir la visita de una peque\u00f1a coral llegada de Iowa (Estados Unidos) De una manera improvisada este grupo de j\u00f3venes se juntaron frente al altar, y nos deleitaron con un peque\u00f1o concierto de cantos dedicados a la Virgen Mar\u00eda Aqu\u00ed un peque\u00f1o extracto con uno de los cantos interpretados \u00a1Muchas&#8230;<\/p>\n","protected":false},"author":1,"featured_media":285,"comment_status":"closed","ping_status":"open","sticky":false,"template":"","format":"standard","meta":{"footnotes":""},"categories":[5],"tags":[],"class_list":["post-551","post","type-post","status-publish","format-standard","has-post-thumbnail","hentry","category-noticias"],"_links":{"self":[{"href":"https:\/\/www.cofradiavirgenperegrina.com\/index.php\/wp-json\/wp\/v2\/posts\/551","targetHints":{"allow":["GET"]}}],"collection":[{"href":"https:\/\/www.cofradiavirgenperegrina.com\/index.php\/wp-json\/wp\/v2\/posts"}],"about":[{"href":"https:\/\/www.cofradiavirgenperegrina.com\/index.php\/wp-json\/wp\/v2\/types\/post"}],"author":[{"embeddable":true,"href":"https:\/\/www.cofradiavirgenperegrina.com\/index.php\/wp-json\/wp\/v2\/users\/1"}],"replies":[{"embeddable":true,"href":"https:\/\/www.cofradiavirgenperegrina.com\/index.php\/wp-json\/wp\/v2\/comments?post=551"}],"version-history":[{"count":1,"href":"https:\/\/www.cofradiavirgenperegrina.com\/index.php\/wp-json\/wp\/v2\/posts\/551\/revisions"}],"predecessor-version":[{"id":552,"href":"https:\/\/www.cofradiavirgenperegrina.com\/index.php\/wp-json\/wp\/v2\/posts\/551\/revisions\/552"}],"wp:featuredmedia":[{"embeddable":true,"href":"https:\/\/www.cofradiavirgenperegrina.com\/index.php\/wp-json\/wp\/v2\/media\/285"}],"wp:attachment":[{"href":"https:\/\/www.cofradiavirgenperegrina.com\/index.php\/wp-json\/wp\/v2\/media?parent=551"}],"wp:term":[{"taxonomy":"category","embeddable":true,"href":"https:\/\/www.cofradiavirgenperegrina.com\/index.php\/wp-json\/wp\/v2\/categories?post=551"},{"taxonomy":"post_tag","embeddable":true,"href":"https:\/\/www.cofradiavirgenperegrina.com\/index.php\/wp-json\/wp\/v2\/tags?post=551"}],"curies":[{"name":"wp","href":"https:\/\/api.w.org\/{rel}","templated":true}]}}