{"id":568,"date":"2025-10-22T16:09:00","date_gmt":"2025-10-22T16:09:00","guid":{"rendered":"https:\/\/www.cofradiavirgenperegrina.com\/?p=568"},"modified":"2025-12-05T16:10:40","modified_gmt":"2025-12-05T16:10:40","slug":"un-encuentro-de-fe-en-nuestro-santuario","status":"publish","type":"post","link":"https:\/\/www.cofradiavirgenperegrina.com\/index.php\/2025\/10\/22\/un-encuentro-de-fe-en-nuestro-santuario\/","title":{"rendered":"Un Encuentro de Fe en Nuestro Santuario"},"content":{"rendered":"\n<p>Hoy el altar de nuestro Santuario se llen\u00f3 de alegr\u00eda con un grupo internacional de peregrinos que quiso inmortalizar su paso con una foto muy especial.<\/p>\n\n\n\n<figure class=\"wp-block-gallery has-nested-images columns-default is-cropped wp-block-gallery-1 is-layout-flex wp-block-gallery-is-layout-flex\"><div class=\"wp-block-image\">\n<figure class=\"aligncenter size-large\"><img loading=\"lazy\" decoding=\"async\" width=\"960\" height=\"540\" data-id=\"569\" src=\"https:\/\/www.cofradiavirgenperegrina.com\/wp-content\/uploads\/2025\/12\/565125841_791940970268982_8179842075643379559_n.jpg\" alt=\"\" class=\"wp-image-569\" srcset=\"https:\/\/www.cofradiavirgenperegrina.com\/wp-content\/uploads\/2025\/12\/565125841_791940970268982_8179842075643379559_n.jpg 960w, https:\/\/www.cofradiavirgenperegrina.com\/wp-content\/uploads\/2025\/12\/565125841_791940970268982_8179842075643379559_n-300x169.jpg 300w, https:\/\/www.cofradiavirgenperegrina.com\/wp-content\/uploads\/2025\/12\/565125841_791940970268982_8179842075643379559_n-768x432.jpg 768w\" sizes=\"auto, (max-width: 960px) 100vw, 960px\" \/><\/figure>\n<\/div><\/figure>\n\n\n\n<p><a><\/a>Llegados desde Estados Unidos, Argentina, Italia, Australia, Filipinas, Francia, M\u00e9xico, Corea del Sur, Polonia y Hungr\u00eda, todos compartieron un mismo esp\u00edritu de fe y fraternidad.<\/p>\n\n\n\n<p>Verlos juntos, sonriendo tras el esfuerzo de cada etapa, nos recuerda la fuerza universal del Camino de Santiago: une culturas, rompe fronteras y fortalece nuestra fe<\/p>\n\n\n\n<p>Que la Virgen Peregrina os guie y acompa\u00f1e en vuestro camino a Santiago<\/p>\n\n\n\n<p><\/p>\n","protected":false},"excerpt":{"rendered":"<p>Hoy el altar de nuestro Santuario se llen\u00f3 de alegr\u00eda con un grupo internacional de peregrinos que quiso inmortalizar su paso con una foto muy especial. Llegados desde Estados Unidos, Argentina, Italia, Australia, Filipinas, Francia, M\u00e9xico, Corea del Sur, Polonia y Hungr\u00eda, todos compartieron un mismo esp\u00edritu de fe y fraternidad. Verlos juntos, sonriendo tras&#8230;<\/p>\n","protected":false},"author":1,"featured_media":569,"comment_status":"open","ping_status":"open","sticky":false,"template":"","format":"standard","meta":{"footnotes":""},"categories":[5],"tags":[],"class_list":["post-568","post","type-post","status-publish","format-standard","has-post-thumbnail","hentry","category-noticias"],"_links":{"self":[{"href":"https:\/\/www.cofradiavirgenperegrina.com\/index.php\/wp-json\/wp\/v2\/posts\/568","targetHints":{"allow":["GET"]}}],"collection":[{"href":"https:\/\/www.cofradiavirgenperegrina.com\/index.php\/wp-json\/wp\/v2\/posts"}],"about":[{"href":"https:\/\/www.cofradiavirgenperegrina.com\/index.php\/wp-json\/wp\/v2\/types\/post"}],"author":[{"embeddable":true,"href":"https:\/\/www.cofradiavirgenperegrina.com\/index.php\/wp-json\/wp\/v2\/users\/1"}],"replies":[{"embeddable":true,"href":"https:\/\/www.cofradiavirgenperegrina.com\/index.php\/wp-json\/wp\/v2\/comments?post=568"}],"version-history":[{"count":1,"href":"https:\/\/www.cofradiavirgenperegrina.com\/index.php\/wp-json\/wp\/v2\/posts\/568\/revisions"}],"predecessor-version":[{"id":570,"href":"https:\/\/www.cofradiavirgenperegrina.com\/index.php\/wp-json\/wp\/v2\/posts\/568\/revisions\/570"}],"wp:featuredmedia":[{"embeddable":true,"href":"https:\/\/www.cofradiavirgenperegrina.com\/index.php\/wp-json\/wp\/v2\/media\/569"}],"wp:attachment":[{"href":"https:\/\/www.cofradiavirgenperegrina.com\/index.php\/wp-json\/wp\/v2\/media?parent=568"}],"wp:term":[{"taxonomy":"category","embeddable":true,"href":"https:\/\/www.cofradiavirgenperegrina.com\/index.php\/wp-json\/wp\/v2\/categories?post=568"},{"taxonomy":"post_tag","embeddable":true,"href":"https:\/\/www.cofradiavirgenperegrina.com\/index.php\/wp-json\/wp\/v2\/tags?post=568"}],"curies":[{"name":"wp","href":"https:\/\/api.w.org\/{rel}","templated":true}]}}