{"id":65,"date":"2023-09-28T16:23:00","date_gmt":"2023-09-28T16:23:00","guid":{"rendered":"https:\/\/www.cofradiavirgenperegrina.com\/?p=65"},"modified":"2023-11-09T16:34:16","modified_gmt":"2023-11-09T16:34:16","slug":"septiembre-tambien-es-mes-de-peregrinos","status":"publish","type":"post","link":"https:\/\/www.cofradiavirgenperegrina.com\/index.php\/2023\/09\/28\/septiembre-tambien-es-mes-de-peregrinos\/","title":{"rendered":"Septiembre tambi\u00e9n es mes de peregrinos"},"content":{"rendered":"\n<p>Arrancando el \u00faltimo mes del verano, muchos peregrinos aprovechan la bajada de las temperaturas para lanzarse al Camino.<\/p>\n\n\n\n<figure class=\"wp-block-image size-large\"><img loading=\"lazy\" decoding=\"async\" width=\"1024\" height=\"768\" src=\"https:\/\/www.cofradiavirgenperegrina.com\/wp-content\/uploads\/2023\/11\/IMG-20230906-WA0013-1-1024x768.jpg\" alt=\"\" class=\"wp-image-66\" srcset=\"https:\/\/www.cofradiavirgenperegrina.com\/wp-content\/uploads\/2023\/11\/IMG-20230906-WA0013-1-1024x768.jpg 1024w, https:\/\/www.cofradiavirgenperegrina.com\/wp-content\/uploads\/2023\/11\/IMG-20230906-WA0013-1-300x225.jpg 300w, https:\/\/www.cofradiavirgenperegrina.com\/wp-content\/uploads\/2023\/11\/IMG-20230906-WA0013-1-768x576.jpg 768w, https:\/\/www.cofradiavirgenperegrina.com\/wp-content\/uploads\/2023\/11\/IMG-20230906-WA0013-1-1536x1152.jpg 1536w, https:\/\/www.cofradiavirgenperegrina.com\/wp-content\/uploads\/2023\/11\/IMG-20230906-WA0013-1.jpg 1600w\" sizes=\"auto, (max-width: 1024px) 100vw, 1024px\" \/><\/figure>\n\n\n\n<p>Entre los numerosos grupos que nos han visitado tenemos por ejemplo a un grupo de americanos de Nueva York y Detroit que han estado con nosotros en 5 eucarist\u00edas.<\/p>\n\n\n\n<p>Adem\u00e1s hacemos menci\u00f3n a dos colegios, que antes de arrancar las clases aprovecharon para vivir la experiencia inolvidable del Camino de Santiago.<\/p>\n\n\n\n<p>Hablamos m\u00e1s concretamente del colegio Claret de Sevilla y sus casi 50 alumnos, y un grupo de 70 j\u00f3venes acompa\u00f1ados del sacerdote D. Pablo Jim\u00e9nez de la Parroquia Sant\u00edsimo Redentor de Sevilla.<\/p>\n\n\n\n<p>Nos agrada ver como muchos ya son recurrentes a\u00f1o tras a\u00f1o, repitiendo y trayendo consigo a nuevos peregrinos. A todos ellos que la Virgen Peregrina os acompa\u00f1e<\/p>\n\n\n\n<figure class=\"wp-block-gallery has-nested-images columns-default is-cropped wp-block-gallery-1 is-layout-flex wp-block-gallery-is-layout-flex\">\n<figure class=\"wp-block-image size-large\"><img loading=\"lazy\" decoding=\"async\" width=\"1024\" height=\"768\" data-id=\"73\" src=\"https:\/\/www.cofradiavirgenperegrina.com\/wp-content\/uploads\/2023\/11\/20230912_084737-1024x768.jpg\" alt=\"\" class=\"wp-image-73\" srcset=\"https:\/\/www.cofradiavirgenperegrina.com\/wp-content\/uploads\/2023\/11\/20230912_084737-1024x768.jpg 1024w, https:\/\/www.cofradiavirgenperegrina.com\/wp-content\/uploads\/2023\/11\/20230912_084737-300x225.jpg 300w, https:\/\/www.cofradiavirgenperegrina.com\/wp-content\/uploads\/2023\/11\/20230912_084737-768x576.jpg 768w, https:\/\/www.cofradiavirgenperegrina.com\/wp-content\/uploads\/2023\/11\/20230912_084737-1536x1152.jpg 1536w, https:\/\/www.cofradiavirgenperegrina.com\/wp-content\/uploads\/2023\/11\/20230912_084737-2048x1536.jpg 2048w\" sizes=\"auto, (max-width: 1024px) 100vw, 1024px\" \/><\/figure>\n\n\n\n<figure class=\"wp-block-image size-large\"><img loading=\"lazy\" decoding=\"async\" width=\"768\" height=\"1024\" data-id=\"71\" src=\"https:\/\/www.cofradiavirgenperegrina.com\/wp-content\/uploads\/2023\/11\/20230912_084726-1-768x1024.jpg\" alt=\"\" class=\"wp-image-71\" srcset=\"https:\/\/www.cofradiavirgenperegrina.com\/wp-content\/uploads\/2023\/11\/20230912_084726-1-768x1024.jpg 768w, https:\/\/www.cofradiavirgenperegrina.com\/wp-content\/uploads\/2023\/11\/20230912_084726-1-225x300.jpg 225w, https:\/\/www.cofradiavirgenperegrina.com\/wp-content\/uploads\/2023\/11\/20230912_084726-1-1152x1536.jpg 1152w, https:\/\/www.cofradiavirgenperegrina.com\/wp-content\/uploads\/2023\/11\/20230912_084726-1-1536x2048.jpg 1536w, https:\/\/www.cofradiavirgenperegrina.com\/wp-content\/uploads\/2023\/11\/20230912_084726-1-scaled.jpg 1920w\" sizes=\"auto, (max-width: 768px) 100vw, 768px\" \/><\/figure>\n\n\n\n<figure class=\"wp-block-image size-large\"><img loading=\"lazy\" decoding=\"async\" width=\"768\" height=\"1024\" data-id=\"72\" src=\"https:\/\/www.cofradiavirgenperegrina.com\/wp-content\/uploads\/2023\/11\/20230911_200616-768x1024.jpg\" alt=\"\" class=\"wp-image-72\" srcset=\"https:\/\/www.cofradiavirgenperegrina.com\/wp-content\/uploads\/2023\/11\/20230911_200616-768x1024.jpg 768w, https:\/\/www.cofradiavirgenperegrina.com\/wp-content\/uploads\/2023\/11\/20230911_200616-225x300.jpg 225w, https:\/\/www.cofradiavirgenperegrina.com\/wp-content\/uploads\/2023\/11\/20230911_200616-1152x1536.jpg 1152w, https:\/\/www.cofradiavirgenperegrina.com\/wp-content\/uploads\/2023\/11\/20230911_200616-1536x2048.jpg 1536w, https:\/\/www.cofradiavirgenperegrina.com\/wp-content\/uploads\/2023\/11\/20230911_200616-scaled.jpg 1920w\" sizes=\"auto, (max-width: 768px) 100vw, 768px\" \/><\/figure>\n\n\n\n<figure class=\"wp-block-image size-large\"><img loading=\"lazy\" decoding=\"async\" width=\"1024\" height=\"768\" data-id=\"70\" src=\"https:\/\/www.cofradiavirgenperegrina.com\/wp-content\/uploads\/2023\/11\/IMG-20230906-WA0010-1-1024x768.jpg\" alt=\"\" class=\"wp-image-70\" srcset=\"https:\/\/www.cofradiavirgenperegrina.com\/wp-content\/uploads\/2023\/11\/IMG-20230906-WA0010-1-1024x768.jpg 1024w, https:\/\/www.cofradiavirgenperegrina.com\/wp-content\/uploads\/2023\/11\/IMG-20230906-WA0010-1-300x225.jpg 300w, https:\/\/www.cofradiavirgenperegrina.com\/wp-content\/uploads\/2023\/11\/IMG-20230906-WA0010-1-768x576.jpg 768w, https:\/\/www.cofradiavirgenperegrina.com\/wp-content\/uploads\/2023\/11\/IMG-20230906-WA0010-1-1536x1152.jpg 1536w, https:\/\/www.cofradiavirgenperegrina.com\/wp-content\/uploads\/2023\/11\/IMG-20230906-WA0010-1.jpg 1600w\" sizes=\"auto, (max-width: 1024px) 100vw, 1024px\" \/><\/figure>\n<\/figure>\n","protected":false},"excerpt":{"rendered":"<p>Arrancando el \u00faltimo mes del verano, muchos peregrinos aprovechan la bajada de las temperaturas para lanzarse al Camino. Entre los numerosos grupos que nos han visitado tenemos por ejemplo a un grupo de americanos de Nueva York y Detroit que han estado con nosotros en 5 eucarist\u00edas. Adem\u00e1s hacemos menci\u00f3n a dos colegios, que antes&#8230;<\/p>\n","protected":false},"author":1,"featured_media":66,"comment_status":"closed","ping_status":"closed","sticky":false,"template":"","format":"standard","meta":{"footnotes":""},"categories":[5],"tags":[],"class_list":["post-65","post","type-post","status-publish","format-standard","has-post-thumbnail","hentry","category-noticias"],"_links":{"self":[{"href":"https:\/\/www.cofradiavirgenperegrina.com\/index.php\/wp-json\/wp\/v2\/posts\/65","targetHints":{"allow":["GET"]}}],"collection":[{"href":"https:\/\/www.cofradiavirgenperegrina.com\/index.php\/wp-json\/wp\/v2\/posts"}],"about":[{"href":"https:\/\/www.cofradiavirgenperegrina.com\/index.php\/wp-json\/wp\/v2\/types\/post"}],"author":[{"embeddable":true,"href":"https:\/\/www.cofradiavirgenperegrina.com\/index.php\/wp-json\/wp\/v2\/users\/1"}],"replies":[{"embeddable":true,"href":"https:\/\/www.cofradiavirgenperegrina.com\/index.php\/wp-json\/wp\/v2\/comments?post=65"}],"version-history":[{"count":1,"href":"https:\/\/www.cofradiavirgenperegrina.com\/index.php\/wp-json\/wp\/v2\/posts\/65\/revisions"}],"predecessor-version":[{"id":74,"href":"https:\/\/www.cofradiavirgenperegrina.com\/index.php\/wp-json\/wp\/v2\/posts\/65\/revisions\/74"}],"wp:featuredmedia":[{"embeddable":true,"href":"https:\/\/www.cofradiavirgenperegrina.com\/index.php\/wp-json\/wp\/v2\/media\/66"}],"wp:attachment":[{"href":"https:\/\/www.cofradiavirgenperegrina.com\/index.php\/wp-json\/wp\/v2\/media?parent=65"}],"wp:term":[{"taxonomy":"category","embeddable":true,"href":"https:\/\/www.cofradiavirgenperegrina.com\/index.php\/wp-json\/wp\/v2\/categories?post=65"},{"taxonomy":"post_tag","embeddable":true,"href":"https:\/\/www.cofradiavirgenperegrina.com\/index.php\/wp-json\/wp\/v2\/tags?post=65"}],"curies":[{"name":"wp","href":"https:\/\/api.w.org\/{rel}","templated":true}]}}