{"id":75,"date":"2023-09-13T16:36:13","date_gmt":"2023-09-13T16:36:13","guid":{"rendered":"https:\/\/www.cofradiavirgenperegrina.com\/?p=75"},"modified":"2023-11-09T17:09:15","modified_gmt":"2023-11-09T17:09:15","slug":"el-pontevedra-f-c-hace-su-tradicional-ofrenda","status":"publish","type":"post","link":"https:\/\/www.cofradiavirgenperegrina.com\/index.php\/2023\/09\/13\/el-pontevedra-f-c-hace-su-tradicional-ofrenda\/","title":{"rendered":"El Pontevedra F.C. hace su tradicional ofrenda"},"content":{"rendered":"\n<p>Como todos los a\u00f1os a estas alturas del a\u00f1o, los directivos, entrenadores y jugadores del Pontevedra C.F. han pasado por nuestro Santuario para llevar a cabo su ofrenda.<\/p>\n\n\n\n<figure class=\"wp-block-image size-large\"><img loading=\"lazy\" decoding=\"async\" width=\"1024\" height=\"733\" src=\"https:\/\/www.cofradiavirgenperegrina.com\/wp-content\/uploads\/2023\/11\/ofrenda-3-1-1024x733.jpg\" alt=\"\" class=\"wp-image-76\" srcset=\"https:\/\/www.cofradiavirgenperegrina.com\/wp-content\/uploads\/2023\/11\/ofrenda-3-1-1024x733.jpg 1024w, https:\/\/www.cofradiavirgenperegrina.com\/wp-content\/uploads\/2023\/11\/ofrenda-3-1-300x215.jpg 300w, https:\/\/www.cofradiavirgenperegrina.com\/wp-content\/uploads\/2023\/11\/ofrenda-3-1-768x550.jpg 768w, https:\/\/www.cofradiavirgenperegrina.com\/wp-content\/uploads\/2023\/11\/ofrenda-3-1.jpg 1440w\" sizes=\"auto, (max-width: 1024px) 100vw, 1024px\" \/><\/figure>\n\n\n\n<p>En manos de la presidente de la entidad, Lupe Murillo, D. Jos\u00e9 L\u00f3pez recib\u00eda este remo ofrenda que se encuentra a d\u00eda de hoy en el altar del Santuario.<\/p>\n\n\n\n<p>En dicha ofrenda se interced\u00eda a la Virgen Peregrina para que les acompa\u00f1e en esta larga temporada que est\u00e1 a punto de comenzar, les sane de cualquier contratiempo, y que en definitiva, sea ese gu\u00eda que, as\u00ed como marca el camino a los peregrinos, ilumine a todos el staff a fin de alcanzar el objetivo esperado, el ascenso de categor\u00eda.<\/p>\n\n\n\n<figure class=\"wp-block-gallery has-nested-images columns-default is-cropped wp-block-gallery-1 is-layout-flex wp-block-gallery-is-layout-flex\">\n<figure class=\"wp-block-image size-large\"><img loading=\"lazy\" decoding=\"async\" width=\"1024\" height=\"733\" data-id=\"77\" src=\"https:\/\/www.cofradiavirgenperegrina.com\/wp-content\/uploads\/2023\/11\/ofrenda-1-1-1024x733.jpg\" alt=\"\" class=\"wp-image-77\" srcset=\"https:\/\/www.cofradiavirgenperegrina.com\/wp-content\/uploads\/2023\/11\/ofrenda-1-1-1024x733.jpg 1024w, https:\/\/www.cofradiavirgenperegrina.com\/wp-content\/uploads\/2023\/11\/ofrenda-1-1-300x215.jpg 300w, https:\/\/www.cofradiavirgenperegrina.com\/wp-content\/uploads\/2023\/11\/ofrenda-1-1-768x550.jpg 768w, https:\/\/www.cofradiavirgenperegrina.com\/wp-content\/uploads\/2023\/11\/ofrenda-1-1.jpg 1440w\" sizes=\"auto, (max-width: 1024px) 100vw, 1024px\" \/><\/figure>\n\n\n\n<figure class=\"wp-block-image size-large\"><img loading=\"lazy\" decoding=\"async\" width=\"1024\" height=\"733\" data-id=\"78\" src=\"https:\/\/www.cofradiavirgenperegrina.com\/wp-content\/uploads\/2023\/11\/ofrenda-2-1-1024x733.jpg\" alt=\"\" class=\"wp-image-78\" srcset=\"https:\/\/www.cofradiavirgenperegrina.com\/wp-content\/uploads\/2023\/11\/ofrenda-2-1-1024x733.jpg 1024w, https:\/\/www.cofradiavirgenperegrina.com\/wp-content\/uploads\/2023\/11\/ofrenda-2-1-300x215.jpg 300w, https:\/\/www.cofradiavirgenperegrina.com\/wp-content\/uploads\/2023\/11\/ofrenda-2-1-768x550.jpg 768w, https:\/\/www.cofradiavirgenperegrina.com\/wp-content\/uploads\/2023\/11\/ofrenda-2-1.jpg 1440w\" sizes=\"auto, (max-width: 1024px) 100vw, 1024px\" \/><\/figure>\n<\/figure>\n","protected":false},"excerpt":{"rendered":"<p>Como todos los a\u00f1os a estas alturas del a\u00f1o, los directivos, entrenadores y jugadores del Pontevedra C.F. han pasado por nuestro Santuario para llevar a cabo su ofrenda. En manos de la presidente de la entidad, Lupe Murillo, D. Jos\u00e9 L\u00f3pez recib\u00eda este remo ofrenda que se encuentra a d\u00eda de hoy en el altar&#8230;<\/p>\n","protected":false},"author":1,"featured_media":76,"comment_status":"closed","ping_status":"closed","sticky":false,"template":"","format":"standard","meta":{"footnotes":""},"categories":[5],"tags":[],"class_list":["post-75","post","type-post","status-publish","format-standard","has-post-thumbnail","hentry","category-noticias"],"_links":{"self":[{"href":"https:\/\/www.cofradiavirgenperegrina.com\/index.php\/wp-json\/wp\/v2\/posts\/75","targetHints":{"allow":["GET"]}}],"collection":[{"href":"https:\/\/www.cofradiavirgenperegrina.com\/index.php\/wp-json\/wp\/v2\/posts"}],"about":[{"href":"https:\/\/www.cofradiavirgenperegrina.com\/index.php\/wp-json\/wp\/v2\/types\/post"}],"author":[{"embeddable":true,"href":"https:\/\/www.cofradiavirgenperegrina.com\/index.php\/wp-json\/wp\/v2\/users\/1"}],"replies":[{"embeddable":true,"href":"https:\/\/www.cofradiavirgenperegrina.com\/index.php\/wp-json\/wp\/v2\/comments?post=75"}],"version-history":[{"count":1,"href":"https:\/\/www.cofradiavirgenperegrina.com\/index.php\/wp-json\/wp\/v2\/posts\/75\/revisions"}],"predecessor-version":[{"id":79,"href":"https:\/\/www.cofradiavirgenperegrina.com\/index.php\/wp-json\/wp\/v2\/posts\/75\/revisions\/79"}],"wp:featuredmedia":[{"embeddable":true,"href":"https:\/\/www.cofradiavirgenperegrina.com\/index.php\/wp-json\/wp\/v2\/media\/76"}],"wp:attachment":[{"href":"https:\/\/www.cofradiavirgenperegrina.com\/index.php\/wp-json\/wp\/v2\/media?parent=75"}],"wp:term":[{"taxonomy":"category","embeddable":true,"href":"https:\/\/www.cofradiavirgenperegrina.com\/index.php\/wp-json\/wp\/v2\/categories?post=75"},{"taxonomy":"post_tag","embeddable":true,"href":"https:\/\/www.cofradiavirgenperegrina.com\/index.php\/wp-json\/wp\/v2\/tags?post=75"}],"curies":[{"name":"wp","href":"https:\/\/api.w.org\/{rel}","templated":true}]}}